{"id":2283,"date":"2012-01-25T14:37:57","date_gmt":"2012-01-25T14:37:57","guid":{"rendered":"https:\/\/www.jedwabno.pl\/?p=2283"},"modified":"2012-01-26T10:59:47","modified_gmt":"2012-01-26T10:59:47","slug":"dzien-babci-i-dziadka-w-goku-21-01-2012-rok","status":"publish","type":"post","link":"https:\/\/archiwum.jedwabno.pl\/2283\/dzien-babci-i-dziadka-w-goku-21-01-2012-rok","title":{"rendered":"Dzie\u0144 Babci i Dziadka w GOKu, 21.01.2012 rok"},"content":{"rendered":"<p>W Gminnym O\u015brodku Kultury w Jedwabnie uroczysto\u015b\u0107 z okazji dnia Babci i Dziadka odby\u0142a sie w sobot\u0119 21.01.2012 roku. Spotkanie otworzy\u0142 dyrektor GOK Jerzy Pa\u0142asz witaj\u0105c przyby\u0142ych go\u015bci i sk\u0142adaj\u0105c im \u017cyczenia. Na scenie zaprezentowa\u0142y si\u0119 przedszkolaki z grupy &#8222;Jag\u00f3dki&#8221;, kt\u00f3rej opiekunem jest Pani Sabina Marciniak, mali tancerze trenowani przez Pani\u0105\u00a0 Barbar\u0119\u017bebrowsk\u0105, grupa pracuj\u0105ca pod opiek\u0105 Pani Miros\u0142awy Zakrzewskiej, &#8222;dzieciaki kociaki&#8221; pracuj\u0105ce z Pani\u0105 Klaudi\u0105 Piersa oraz zesp\u00f3\u0142 wokalny &#8222;BEZ NAZWY&#8221;, kt\u00f3rego instruktorem jest Jerzy Pa\u0142asz. Po cz\u0119\u015bci s\u0142owno-muzycznej uczestnicy spotkania udali si\u0119 na s\u0142odki pocz\u0119stunek do sali na dole, gdzie czas swoim \u015bpiewem umila\u0142 im dyrektor GOKu przy akompaniamencie graj\u0105cego na akordeonie Pana Zdzis\u0142awa Pszcz\u00f3\u0142kowskiego. Sw\u00f3j program przyby\u0142ym go\u015bciom zaprezentowa\u0142a tak\u017ce m\u0142odsza grupa Teatru Ognia &#8222;Cienie&#8221;.<\/p>\nngg_shortcode_0_placeholder\n","protected":false},"excerpt":{"rendered":"<p>W Gminnym O\u015brodku Kultury w Jedwabnie uroczysto\u015b\u0107 z okazji dnia  [&#8230;]<\/p>\n","protected":false},"author":55,"featured_media":2288,"comment_status":"closed","ping_status":"open","sticky":false,"template":"","format":"standard","meta":{"ngg_post_thumbnail":0,"footnotes":""},"categories":[1],"tags":[],"class_list":["post-2283","post","type-post","status-publish","format-standard","has-post-thumbnail","hentry","category-wiadomosci"],"_links":{"self":[{"href":"https:\/\/archiwum.jedwabno.pl\/jdbn_json_endpoint\/wp\/v2\/posts\/2283","targetHints":{"allow":["GET"]}}],"collection":[{"href":"https:\/\/archiwum.jedwabno.pl\/jdbn_json_endpoint\/wp\/v2\/posts"}],"about":[{"href":"https:\/\/archiwum.jedwabno.pl\/jdbn_json_endpoint\/wp\/v2\/types\/post"}],"author":[{"embeddable":true,"href":"https:\/\/archiwum.jedwabno.pl\/jdbn_json_endpoint\/wp\/v2\/users\/55"}],"replies":[{"embeddable":true,"href":"https:\/\/archiwum.jedwabno.pl\/jdbn_json_endpoint\/wp\/v2\/comments?post=2283"}],"version-history":[{"count":0,"href":"https:\/\/archiwum.jedwabno.pl\/jdbn_json_endpoint\/wp\/v2\/posts\/2283\/revisions"}],"wp:featuredmedia":[{"embeddable":true,"href":"https:\/\/archiwum.jedwabno.pl\/jdbn_json_endpoint\/wp\/v2\/media\/2288"}],"wp:attachment":[{"href":"https:\/\/archiwum.jedwabno.pl\/jdbn_json_endpoint\/wp\/v2\/media?parent=2283"}],"wp:term":[{"taxonomy":"category","embeddable":true,"href":"https:\/\/archiwum.jedwabno.pl\/jdbn_json_endpoint\/wp\/v2\/categories?post=2283"},{"taxonomy":"post_tag","embeddable":true,"href":"https:\/\/archiwum.jedwabno.pl\/jdbn_json_endpoint\/wp\/v2\/tags?post=2283"}],"curies":[{"name":"wp","href":"https:\/\/api.w.org\/{rel}","templated":true}]}}