{"id":2210,"date":"2012-01-24T11:39:15","date_gmt":"2012-01-24T11:39:15","guid":{"rendered":"https:\/\/www.jedwabno.pl\/?p=2210"},"modified":"2012-01-24T11:39:15","modified_gmt":"2012-01-24T11:39:15","slug":"50-lecie-kaplanstwa-ksiedza-jozefa-misiaka","status":"publish","type":"post","link":"https:\/\/archiwum.jedwabno.pl\/2210\/50-lecie-kaplanstwa-ksiedza-jozefa-misiaka","title":{"rendered":"50- lecie kap\u0142a\u0144stwa ksi\u0119dza J\u00f3zefa Misiaka"},"content":{"rendered":"<p>W niedziel\u0119 dnia 15.01.2012 roku w ko\u015bciele p.w. \u015bw. J\u00f3zefa w Jedwabnie odby\u0142a si\u0119 uroczysta msza jubileuszowa ksi\u0119dza J\u00f3zefa Misiaka. Tego dnia proboszcz obchodzi\u0142 50 &#8211; lecie \u015bwi\u0119ce\u0144 kap\u0142a\u0144skich. Na uroczysto\u015bci nie zabrak\u0142o spo\u0142ecze\u0144stwa, w\u0142adz gminy, so\u0142tys\u00f3w, jednostek OSP z pocztem sztandarowym, a tak\u017ce duchowie\u0144stwa z innych parafii. Po mszy ksi\u0105dz Misiak przyjmowa\u0142 gratulacje od przyby\u0142ych wiernych, odczytano listy gratulacyjne, w tym od metropolity warmi\u0144skiego arcybiskupa Wojciecha Zi\u0119by, a m\u0142odzie\u017c z Zespo\u0142u Szk\u00f3\u0142 w Jedwabnie zaprezentowa\u0142a monta\u017c s\u0142owno-muzyczny. \u017byczenia od w\u0142adz samorz\u0105dowych przekazali Przewodnicz\u0105ca Rady Gminy Jedwabno Maria Sienkiewicz oraz W\u00f3jt Gminy Jedwabno Krzysztof Otulakowski.<\/p>\n<p>Ksi\u0105dz J\u00f3zef Misiak urodzi\u0142 si\u0119 18 lipca w P\u0142ocku, do parafii w Jedwabnie przyby\u0142\u00a0 1 lipca 1994 roku. By\u0142 proboszczem m.in. w Sarnowie i Sz\u0105bruku, by\u0142 te\u017c duszpasterzem g\u0142uchoniemych.<\/p>\n<p>&nbsp;<\/p>\nngg_shortcode_0_placeholder\n<p>Zdj\u0119cia: Tadeusz Zago\u017adzi\u0144ski, udost\u0119pnione przez &#8222;Tygodnik Szczytno&#8221;.<\/p>\n","protected":false},"excerpt":{"rendered":"<p>W niedziel\u0119 dnia 15.01.2012 roku w ko\u015bciele p.w. \u015bw. J\u00f3zefa  [&#8230;]<\/p>\n","protected":false},"author":55,"featured_media":2215,"comment_status":"closed","ping_status":"open","sticky":false,"template":"","format":"standard","meta":{"ngg_post_thumbnail":0,"footnotes":""},"categories":[1],"tags":[],"class_list":["post-2210","post","type-post","status-publish","format-standard","has-post-thumbnail","hentry","category-wiadomosci"],"_links":{"self":[{"href":"https:\/\/archiwum.jedwabno.pl\/jdbn_json_endpoint\/wp\/v2\/posts\/2210","targetHints":{"allow":["GET"]}}],"collection":[{"href":"https:\/\/archiwum.jedwabno.pl\/jdbn_json_endpoint\/wp\/v2\/posts"}],"about":[{"href":"https:\/\/archiwum.jedwabno.pl\/jdbn_json_endpoint\/wp\/v2\/types\/post"}],"author":[{"embeddable":true,"href":"https:\/\/archiwum.jedwabno.pl\/jdbn_json_endpoint\/wp\/v2\/users\/55"}],"replies":[{"embeddable":true,"href":"https:\/\/archiwum.jedwabno.pl\/jdbn_json_endpoint\/wp\/v2\/comments?post=2210"}],"version-history":[{"count":0,"href":"https:\/\/archiwum.jedwabno.pl\/jdbn_json_endpoint\/wp\/v2\/posts\/2210\/revisions"}],"wp:featuredmedia":[{"embeddable":true,"href":"https:\/\/archiwum.jedwabno.pl\/jdbn_json_endpoint\/wp\/v2\/media\/2215"}],"wp:attachment":[{"href":"https:\/\/archiwum.jedwabno.pl\/jdbn_json_endpoint\/wp\/v2\/media?parent=2210"}],"wp:term":[{"taxonomy":"category","embeddable":true,"href":"https:\/\/archiwum.jedwabno.pl\/jdbn_json_endpoint\/wp\/v2\/categories?post=2210"},{"taxonomy":"post_tag","embeddable":true,"href":"https:\/\/archiwum.jedwabno.pl\/jdbn_json_endpoint\/wp\/v2\/tags?post=2210"}],"curies":[{"name":"wp","href":"https:\/\/api.w.org\/{rel}","templated":true}]}}