{"id":2184,"date":"2012-01-20T12:32:55","date_gmt":"2012-01-20T12:32:55","guid":{"rendered":"https:\/\/www.jedwabno.pl\/?p=2184"},"modified":"2012-01-20T12:32:55","modified_gmt":"2012-01-20T12:32:55","slug":"punkt-informacji-turystycznej-w-jedwabnie","status":"publish","type":"post","link":"https:\/\/archiwum.jedwabno.pl\/2184\/punkt-informacji-turystycznej-w-jedwabnie","title":{"rendered":"Punkt Informacji Turystycznej w Jedwabnie"},"content":{"rendered":"<p class=\"MsoNormal\" style=\"text-align: justify;\">W ramach projektu pn. ?Modernizacja i rozbudowa regionalnego systemu informacji turystycznej? (Regionalny Program Operacyjny Warmia i Mazury na lata 2007-2013, o<span style=\"mso-bidi-font-family: Calibri; mso-bidi-theme-font: minor-latin;\">\u015b<\/span> priorytetowa 2 ? Turystyka, Dzia\u0142anie 2.2 Promocja wojew\u00f3dztwa i jego oferty turystycznej) powsta\u0142 Punkt Informacji Turystycznej w Jedwabnie.<span style=\"mso-spacerun: yes;\">\u00a0 <\/span><strong style=\"mso-bidi-font-weight: normal;\"><em style=\"mso-bidi-font-style: normal;\"><\/em><\/strong><\/p>\n<p class=\"MsoNormal\" style=\"text-align: center;\"><strong style=\"mso-bidi-font-weight: normal;\"><em style=\"mso-bidi-font-style: normal;\">Nowy punkt mie<\/em><\/strong><strong style=\"mso-bidi-font-weight: normal;\"><em style=\"mso-bidi-font-style: normal;\"><span style=\"mso-bidi-font-family: Calibri; mso-bidi-theme-font: minor-latin;\">\u015b<\/span>ci si\u0119 w budynku Gminnego O<\/em><\/strong><strong style=\"mso-bidi-font-weight: normal;\"><em style=\"mso-bidi-font-style: normal;\"><span style=\"mso-bidi-font-family: Calibri; mso-bidi-theme-font: minor-latin;\">\u015b<\/span>rodka Kultury<br \/>\nw Jedwabnie przy ul. 1 Maja 63 i czynny jest w godzinach 9:00-17:00.<\/em><\/strong><\/p>\n<p class=\"MsoNormal\" style=\"text-align: justify;\">W ramach projektu zmodernizowany zosta\u0142 regionalny system informacji turystycznej, kt\u00f3rego zadaniem jest zwi\u0119kszanie zainteresowania turyst\u00f3w i ukierunkowanie ruchu turystycznego na wskazane i promowane zasoby turystyczne regionu Warmii i Mazur, co z kolei przyczyni si\u0119 do rozwoju gospodarczego wojew\u00f3dztwa warmi\u0144sko ? mazurskiego.<\/p>\n<p class=\"MsoNormal\" style=\"text-align: justify;\">Korzy<span style=\"mso-bidi-font-family: Calibri; mso-bidi-theme-font: minor-latin;\">\u015b<\/span>ci generowane przez realizacj\u0119 projektu wynikaj\u0105:<\/p>\n<p class=\"MsoNormal\" style=\"text-align: justify;\">&#8211; z zapewnienia dost\u0119pu do informacji turystycznej osobom niepe\u0142nosprawnym,<\/p>\n<p class=\"MsoNormal\" style=\"text-align: justify;\">&#8211; z poprawy jako<span style=\"mso-bidi-font-family: Calibri; mso-bidi-theme-font: minor-latin;\">\u015b<\/span>ci <span style=\"mso-bidi-font-family: Calibri; mso-bidi-theme-font: minor-latin;\">\u015b<\/span>wiadczonych us\u0142ug przez punkty informacji turystycznej (oznakowanie, wyposa\u017cenie w meble i sprz\u0119t komputerowy, prace modernizacyjne, dost\u0119p do mGuide),<\/p>\n<p class=\"MsoNormal\" style=\"text-align: justify;\">&#8211; z podniesienia atrakcyjno<span style=\"mso-bidi-font-family: Calibri; mso-bidi-theme-font: minor-latin;\">\u015b<\/span>ci turystycznej regionu,<\/p>\n<p class=\"MsoNormal\" style=\"text-align: justify;\">&#8211; z mo\u017cliwo<span style=\"mso-bidi-font-family: Calibri; mso-bidi-theme-font: minor-latin;\">\u015b<\/span>ci bezp\u0142atnego korzystania z sieci Internet.<\/p>\n<p class=\"MsoNormal\" style=\"text-align: center;\" align=\"center\"><strong style=\"mso-bidi-font-weight: normal;\"><span style=\"font-size: 18.0pt; line-height: 115%;\">SERDECZNIE ZAPRASZAMY!!!<\/span><\/strong><\/p>\n<p class=\"MsoNormal\" style=\"text-align: left;\" align=\"center\">ngg_shortcode_0_placeholder<\/p>\n","protected":false},"excerpt":{"rendered":"<p>W ramach projektu pn. ?Modernizacja i rozbudowa regionalnego systemu informacji  [&#8230;]<\/p>\n","protected":false},"author":55,"featured_media":2189,"comment_status":"closed","ping_status":"open","sticky":false,"template":"","format":"standard","meta":{"ngg_post_thumbnail":0,"footnotes":""},"categories":[1],"tags":[],"class_list":["post-2184","post","type-post","status-publish","format-standard","has-post-thumbnail","hentry","category-wiadomosci"],"_links":{"self":[{"href":"https:\/\/archiwum.jedwabno.pl\/jdbn_json_endpoint\/wp\/v2\/posts\/2184","targetHints":{"allow":["GET"]}}],"collection":[{"href":"https:\/\/archiwum.jedwabno.pl\/jdbn_json_endpoint\/wp\/v2\/posts"}],"about":[{"href":"https:\/\/archiwum.jedwabno.pl\/jdbn_json_endpoint\/wp\/v2\/types\/post"}],"author":[{"embeddable":true,"href":"https:\/\/archiwum.jedwabno.pl\/jdbn_json_endpoint\/wp\/v2\/users\/55"}],"replies":[{"embeddable":true,"href":"https:\/\/archiwum.jedwabno.pl\/jdbn_json_endpoint\/wp\/v2\/comments?post=2184"}],"version-history":[{"count":0,"href":"https:\/\/archiwum.jedwabno.pl\/jdbn_json_endpoint\/wp\/v2\/posts\/2184\/revisions"}],"wp:featuredmedia":[{"embeddable":true,"href":"https:\/\/archiwum.jedwabno.pl\/jdbn_json_endpoint\/wp\/v2\/media\/2189"}],"wp:attachment":[{"href":"https:\/\/archiwum.jedwabno.pl\/jdbn_json_endpoint\/wp\/v2\/media?parent=2184"}],"wp:term":[{"taxonomy":"category","embeddable":true,"href":"https:\/\/archiwum.jedwabno.pl\/jdbn_json_endpoint\/wp\/v2\/categories?post=2184"},{"taxonomy":"post_tag","embeddable":true,"href":"https:\/\/archiwum.jedwabno.pl\/jdbn_json_endpoint\/wp\/v2\/tags?post=2184"}],"curies":[{"name":"wp","href":"https:\/\/api.w.org\/{rel}","templated":true}]}}