{"id":2048,"date":"2012-01-08T14:56:53","date_gmt":"2012-01-08T14:56:53","guid":{"rendered":"https:\/\/www.jedwabno.pl\/?p=2048"},"modified":"2012-01-08T14:56:53","modified_gmt":"2012-01-08T14:56:53","slug":"uwaga-zbierajmy-plastikowe-nakretki","status":"publish","type":"post","link":"https:\/\/archiwum.jedwabno.pl\/2048\/uwaga-zbierajmy-plastikowe-nakretki","title":{"rendered":"Uwaga!!! Zbierajmy plastikowe nakr\u0119tki."},"content":{"rendered":"<p>Szanowni Pa\u0144stwo,<\/p>\n<p>zwracamy si\u0119 z pro\u015bb\u0105 o zbieranie wszelkiego typu plastikowych nakr\u0119tek. Za \u015brodki uzyskane z ich sprzeda\u017cy zostanie zakupiony w\u00f3zek inwalidzki dla 14 letniej Wiktorii G\u00f3ralskiej z Wielbarka.<\/p>\n<p style=\"text-align: center;\">Aby u\u0142atwi\u0107 Wiktorii poruszanie si\u0119 i jednocze\u015bnie spe\u0142ni\u0107 jej marzenie potrzebujemy 45 ton nakr\u0119tek!!!<\/p>\n<p style=\"text-align: center;\"><strong>Plastikowe nakr\u0119tki prosz\u0119 przynosi\u0107 do Gminnego O\u015brodka Kultury, Przedszkola oraz Szko\u0142y.<\/strong><\/p>\n<p style=\"text-align: center;\"><em>ZA OKAZAN\u0104 POMOC SERDECZNIE DZI\u0118KUJEMY!!!\u00a0<\/em><\/p>\n<p>&nbsp;<\/p>\n","protected":false},"excerpt":{"rendered":"<p>Szanowni Pa\u0144stwo, zwracamy si\u0119 z pro\u015bb\u0105 o zbieranie wszelkiego typu  [&#8230;]<\/p>\n","protected":false},"author":55,"featured_media":2049,"comment_status":"closed","ping_status":"open","sticky":false,"template":"","format":"standard","meta":{"ngg_post_thumbnail":0,"footnotes":""},"categories":[1],"tags":[],"class_list":["post-2048","post","type-post","status-publish","format-standard","has-post-thumbnail","hentry","category-wiadomosci"],"_links":{"self":[{"href":"https:\/\/archiwum.jedwabno.pl\/jdbn_json_endpoint\/wp\/v2\/posts\/2048","targetHints":{"allow":["GET"]}}],"collection":[{"href":"https:\/\/archiwum.jedwabno.pl\/jdbn_json_endpoint\/wp\/v2\/posts"}],"about":[{"href":"https:\/\/archiwum.jedwabno.pl\/jdbn_json_endpoint\/wp\/v2\/types\/post"}],"author":[{"embeddable":true,"href":"https:\/\/archiwum.jedwabno.pl\/jdbn_json_endpoint\/wp\/v2\/users\/55"}],"replies":[{"embeddable":true,"href":"https:\/\/archiwum.jedwabno.pl\/jdbn_json_endpoint\/wp\/v2\/comments?post=2048"}],"version-history":[{"count":0,"href":"https:\/\/archiwum.jedwabno.pl\/jdbn_json_endpoint\/wp\/v2\/posts\/2048\/revisions"}],"wp:featuredmedia":[{"embeddable":true,"href":"https:\/\/archiwum.jedwabno.pl\/jdbn_json_endpoint\/wp\/v2\/media\/2049"}],"wp:attachment":[{"href":"https:\/\/archiwum.jedwabno.pl\/jdbn_json_endpoint\/wp\/v2\/media?parent=2048"}],"wp:term":[{"taxonomy":"category","embeddable":true,"href":"https:\/\/archiwum.jedwabno.pl\/jdbn_json_endpoint\/wp\/v2\/categories?post=2048"},{"taxonomy":"post_tag","embeddable":true,"href":"https:\/\/archiwum.jedwabno.pl\/jdbn_json_endpoint\/wp\/v2\/tags?post=2048"}],"curies":[{"name":"wp","href":"https:\/\/api.w.org\/{rel}","templated":true}]}}