{"id":1959,"date":"2011-12-28T21:34:21","date_gmt":"2011-12-28T21:34:21","guid":{"rendered":"https:\/\/www.jedwabno.pl\/?p=1959"},"modified":"2011-12-28T21:34:21","modified_gmt":"2011-12-28T21:34:21","slug":"wigilia-w-burdagu-23-12-2011-rok","status":"publish","type":"post","link":"https:\/\/archiwum.jedwabno.pl\/1959\/wigilia-w-burdagu-23-12-2011-rok","title":{"rendered":"Wigilia w Burd\u0105gu, 23.12.2011 rok"},"content":{"rendered":"<p class=\"MsoNormal\">Wigilia w Burd\u0105gu odby\u0142a si\u0119 dnia 23.12.2011r. \u00a0w \u015bwietlicy wiejskiej. \u00a0Spotkanie wigilijne rozpocz\u0119to od podzielenia si\u0119 op\u0142atkiem. Liczna grupa dzieci uczestnicz\u0105cych w Wigilii znakomicie bawi\u0142a si\u0119 w przygotowanych dla nich konkursach i zabawach. Uwie\u0144czeniem spotkania w Burd\u0105gu by\u0142a wizyta \u015awi\u0119tego Miko\u0142aja, kt\u00f3ry przyni\u00f3s\u0142 dzieciom s\u0142odkie podarki. Spotkanie przygotowa\u0142y so\u0142tys wsi Magda G\u0105siorowska oraz pani Dominika Wyszy\u0144ska z GOK.<\/p>\nngg_shortcode_0_placeholder\n<p>Zdj\u0119cia:\u00a0 Dominika Wyszy\u0144ska<\/p>\n","protected":false},"excerpt":{"rendered":"<p>Wigilia w Burd\u0105gu odby\u0142a si\u0119 dnia 23.12.2011r. \u00a0w \u015bwietlicy wiejskiej.  [&#8230;]<\/p>\n","protected":false},"author":55,"featured_media":1964,"comment_status":"closed","ping_status":"open","sticky":false,"template":"","format":"standard","meta":{"ngg_post_thumbnail":0,"footnotes":""},"categories":[1],"tags":[],"class_list":["post-1959","post","type-post","status-publish","format-standard","has-post-thumbnail","hentry","category-wiadomosci"],"_links":{"self":[{"href":"https:\/\/archiwum.jedwabno.pl\/jdbn_json_endpoint\/wp\/v2\/posts\/1959","targetHints":{"allow":["GET"]}}],"collection":[{"href":"https:\/\/archiwum.jedwabno.pl\/jdbn_json_endpoint\/wp\/v2\/posts"}],"about":[{"href":"https:\/\/archiwum.jedwabno.pl\/jdbn_json_endpoint\/wp\/v2\/types\/post"}],"author":[{"embeddable":true,"href":"https:\/\/archiwum.jedwabno.pl\/jdbn_json_endpoint\/wp\/v2\/users\/55"}],"replies":[{"embeddable":true,"href":"https:\/\/archiwum.jedwabno.pl\/jdbn_json_endpoint\/wp\/v2\/comments?post=1959"}],"version-history":[{"count":0,"href":"https:\/\/archiwum.jedwabno.pl\/jdbn_json_endpoint\/wp\/v2\/posts\/1959\/revisions"}],"wp:featuredmedia":[{"embeddable":true,"href":"https:\/\/archiwum.jedwabno.pl\/jdbn_json_endpoint\/wp\/v2\/media\/1964"}],"wp:attachment":[{"href":"https:\/\/archiwum.jedwabno.pl\/jdbn_json_endpoint\/wp\/v2\/media?parent=1959"}],"wp:term":[{"taxonomy":"category","embeddable":true,"href":"https:\/\/archiwum.jedwabno.pl\/jdbn_json_endpoint\/wp\/v2\/categories?post=1959"},{"taxonomy":"post_tag","embeddable":true,"href":"https:\/\/archiwum.jedwabno.pl\/jdbn_json_endpoint\/wp\/v2\/tags?post=1959"}],"curies":[{"name":"wp","href":"https:\/\/api.w.org\/{rel}","templated":true}]}}