{"id":1928,"date":"2011-12-21T14:30:17","date_gmt":"2011-12-21T14:30:17","guid":{"rendered":"https:\/\/www.jedwabno.pl\/?p=1928"},"modified":"2011-12-23T09:30:22","modified_gmt":"2011-12-23T09:30:22","slug":"wigilia-w-nowym-dworze-18-12-2011-rok","status":"publish","type":"post","link":"https:\/\/archiwum.jedwabno.pl\/1928\/wigilia-w-nowym-dworze-18-12-2011-rok","title":{"rendered":"Wigilia w Nowym Dworze, 18.12.2011 rok"},"content":{"rendered":"<p class=\"MsoNormal\" style=\"line-height: 150%;\">18 grudnia w \u015bwietlicy wiejskiej w Nowym Dworze odby\u0142o si\u0119 spotkanie wigilijne. Pani so\u0142tys Danuta Trzci\u0144ska powita\u0142a wszystkich przyby\u0142ych go\u015bci: Sekretarz Jolant\u0119 Dr\u0119\u017cek, Przewodnicz\u0105c\u0105 Rady Gminy Mari\u0119 Sienkiewicz, Ksi\u0119dza Piotra oraz radne Regin\u0119 Gromek i El\u017cbiet\u0119 Brz\u00f3sk\u0119. Na t\u0105 szczeg\u00f3ln\u0105 uroczysto\u015b\u0107 sala \u015bwietlicy zosta\u0142a od\u015bwi\u0119tnie przystrojona, gospodynie z Nowego Dworu przygotowa\u0142y pyszne potrawy wigilijne, natomiast dzieci z Ko\u0142a Teatralnego ?Entliczek ? pentliczek? z pomoc\u0105 radnej Katarzyny \u017bebrowskiej przedstawi\u0142y jase\u0142ka pt. ?Przy \u017c\u0142\u00f3bku w Betlejem?. W tym uroczystym dniu ka\u017cdy m\u00f3g\u0142 podzieli\u0107 si\u0119 op\u0142atkiem i z\u0142o\u017cy\u0107 \u017cyczenia swoim s\u0105siadom, go\u015bciom oraz \u015bpiewa\u0107 wsp\u00f3lnie kol\u0119dy z zespo\u0142em &#8222;Altre&#8221;.<\/p>\nngg_shortcode_0_placeholder\n","protected":false},"excerpt":{"rendered":"<p>18 grudnia w \u015bwietlicy wiejskiej w Nowym Dworze odby\u0142o si\u0119  [&#8230;]<\/p>\n","protected":false},"author":55,"featured_media":1932,"comment_status":"closed","ping_status":"open","sticky":false,"template":"","format":"standard","meta":{"ngg_post_thumbnail":0,"footnotes":""},"categories":[1],"tags":[],"class_list":["post-1928","post","type-post","status-publish","format-standard","has-post-thumbnail","hentry","category-wiadomosci"],"_links":{"self":[{"href":"https:\/\/archiwum.jedwabno.pl\/jdbn_json_endpoint\/wp\/v2\/posts\/1928","targetHints":{"allow":["GET"]}}],"collection":[{"href":"https:\/\/archiwum.jedwabno.pl\/jdbn_json_endpoint\/wp\/v2\/posts"}],"about":[{"href":"https:\/\/archiwum.jedwabno.pl\/jdbn_json_endpoint\/wp\/v2\/types\/post"}],"author":[{"embeddable":true,"href":"https:\/\/archiwum.jedwabno.pl\/jdbn_json_endpoint\/wp\/v2\/users\/55"}],"replies":[{"embeddable":true,"href":"https:\/\/archiwum.jedwabno.pl\/jdbn_json_endpoint\/wp\/v2\/comments?post=1928"}],"version-history":[{"count":0,"href":"https:\/\/archiwum.jedwabno.pl\/jdbn_json_endpoint\/wp\/v2\/posts\/1928\/revisions"}],"wp:featuredmedia":[{"embeddable":true,"href":"https:\/\/archiwum.jedwabno.pl\/jdbn_json_endpoint\/wp\/v2\/media\/1932"}],"wp:attachment":[{"href":"https:\/\/archiwum.jedwabno.pl\/jdbn_json_endpoint\/wp\/v2\/media?parent=1928"}],"wp:term":[{"taxonomy":"category","embeddable":true,"href":"https:\/\/archiwum.jedwabno.pl\/jdbn_json_endpoint\/wp\/v2\/categories?post=1928"},{"taxonomy":"post_tag","embeddable":true,"href":"https:\/\/archiwum.jedwabno.pl\/jdbn_json_endpoint\/wp\/v2\/tags?post=1928"}],"curies":[{"name":"wp","href":"https:\/\/api.w.org\/{rel}","templated":true}]}}