{"id":1895,"date":"2011-12-20T08:55:07","date_gmt":"2011-12-20T08:55:07","guid":{"rendered":"https:\/\/www.jedwabno.pl\/?p=1895"},"modified":"2011-12-20T14:05:36","modified_gmt":"2011-12-20T14:05:36","slug":"wigilia-w-goku-17-12-2011-rok","status":"publish","type":"post","link":"https:\/\/archiwum.jedwabno.pl\/1895\/wigilia-w-goku-17-12-2011-rok","title":{"rendered":"Wigilia w GOKu, 17.12.2011 rok"},"content":{"rendered":"<p class=\"MsoNormal\" style=\"line-height: 150%;\">W dniu 17.12.2011 roku w Gminnym O\u015brodku Kultury w Jedwabnie odby\u0142a si\u0119 z inicjatywy Rady Gminy Jedwabno Wigilia dla spo\u0142eczno\u015bci gminy Jedwabno. Ko\u0142o teatralne ?Entliczek p\u0119tliczek? z Nowego Dworu, kt\u00f3rego opiekunem jest Katarzyna \u017bebrowska, przedstawi\u0142o Jase\u0142ka. Nast\u0119pnie uczestnicy spotkania podzielili si\u0119 op\u0142atkiem oraz skosztowali wigilijnych potraw. O suto zastawiony st\u00f3\u0142 zadbali Radni Gminy Jedwabno ( catering przygotowany przez firm\u0119 Danuty Zago\u017cd\u017con) z pomoc\u0105 pracownik\u00f3w GOKu. W Wigilii wzi\u0119li udzia\u0142 mieszka\u0144cy gminy, so\u0142tysi, radni, a tak\u017ce przedstawiciele Urz\u0119du Gminy w Jedwabnie: Sekretarz Gminy Jolanta Dr\u0119\u017cek oraz W\u00f3jt Gminy Krzysztof Otulakowski.<\/p>\nngg_shortcode_0_placeholder\n","protected":false},"excerpt":{"rendered":"<p>W dniu 17.12.2011 roku w Gminnym O\u015brodku Kultury w Jedwabnie  [&#8230;]<\/p>\n","protected":false},"author":55,"featured_media":1899,"comment_status":"closed","ping_status":"open","sticky":false,"template":"","format":"standard","meta":{"ngg_post_thumbnail":0,"footnotes":""},"categories":[1],"tags":[],"class_list":["post-1895","post","type-post","status-publish","format-standard","has-post-thumbnail","hentry","category-wiadomosci"],"_links":{"self":[{"href":"https:\/\/archiwum.jedwabno.pl\/jdbn_json_endpoint\/wp\/v2\/posts\/1895","targetHints":{"allow":["GET"]}}],"collection":[{"href":"https:\/\/archiwum.jedwabno.pl\/jdbn_json_endpoint\/wp\/v2\/posts"}],"about":[{"href":"https:\/\/archiwum.jedwabno.pl\/jdbn_json_endpoint\/wp\/v2\/types\/post"}],"author":[{"embeddable":true,"href":"https:\/\/archiwum.jedwabno.pl\/jdbn_json_endpoint\/wp\/v2\/users\/55"}],"replies":[{"embeddable":true,"href":"https:\/\/archiwum.jedwabno.pl\/jdbn_json_endpoint\/wp\/v2\/comments?post=1895"}],"version-history":[{"count":0,"href":"https:\/\/archiwum.jedwabno.pl\/jdbn_json_endpoint\/wp\/v2\/posts\/1895\/revisions"}],"wp:featuredmedia":[{"embeddable":true,"href":"https:\/\/archiwum.jedwabno.pl\/jdbn_json_endpoint\/wp\/v2\/media\/1899"}],"wp:attachment":[{"href":"https:\/\/archiwum.jedwabno.pl\/jdbn_json_endpoint\/wp\/v2\/media?parent=1895"}],"wp:term":[{"taxonomy":"category","embeddable":true,"href":"https:\/\/archiwum.jedwabno.pl\/jdbn_json_endpoint\/wp\/v2\/categories?post=1895"},{"taxonomy":"post_tag","embeddable":true,"href":"https:\/\/archiwum.jedwabno.pl\/jdbn_json_endpoint\/wp\/v2\/tags?post=1895"}],"curies":[{"name":"wp","href":"https:\/\/api.w.org\/{rel}","templated":true}]}}