{"id":1888,"date":"2011-12-20T08:43:03","date_gmt":"2011-12-20T08:43:03","guid":{"rendered":"https:\/\/www.jedwabno.pl\/?p=1888"},"modified":"2011-12-20T08:43:03","modified_gmt":"2011-12-20T08:43:03","slug":"choinka-w-nartach16-12-2011-rok","status":"publish","type":"post","link":"https:\/\/archiwum.jedwabno.pl\/1888\/choinka-w-nartach16-12-2011-rok","title":{"rendered":"Choinka w Nartach,16.12.2011 rok"},"content":{"rendered":"<p class=\"MsoNormal\" style=\"line-height: 150%;\">W dniu 16.12.2011 roku w \u015bwietlicy wiejskiej ?Promyczek? w Nartach odby\u0142a si\u0119 ?Choinka dla dzieci?, w kt\u00f3rej uczestniczy\u0142o 27 maluch\u00f3w. Go\u015bciem specjalnym by\u0142 \u015awi\u0119ty Miko\u0142aj, kt\u00f3ry obdarowa\u0142 wszystkie dzieci s\u0142odkimi paczkami. W oczekiwaniu na Miko\u0142aja dzieci sp\u0119dza\u0142y czas bawi\u0105c si\u0119 i bior\u0105c udzia\u0142 w r\u00f3\u017cnych konkursach. Spotkanie to przebiega\u0142o w \u015bwi\u0105tecznej atmosferze. Organizatorem ?Choinki dla dzieci? by\u0142o so\u0142ectwo Narty ? Warcha\u0142y oraz Stowarzyszenie Rozwoju i Promocji Miejscowo\u015bci Narty.<\/p>\nngg_shortcode_0_placeholder\n","protected":false},"excerpt":{"rendered":"<p>W dniu 16.12.2011 roku w \u015bwietlicy wiejskiej ?Promyczek? w Nartach  [&#8230;]<\/p>\n","protected":false},"author":55,"featured_media":1891,"comment_status":"closed","ping_status":"open","sticky":false,"template":"","format":"standard","meta":{"ngg_post_thumbnail":0,"footnotes":""},"categories":[1],"tags":[],"class_list":["post-1888","post","type-post","status-publish","format-standard","has-post-thumbnail","hentry","category-wiadomosci"],"_links":{"self":[{"href":"https:\/\/archiwum.jedwabno.pl\/jdbn_json_endpoint\/wp\/v2\/posts\/1888","targetHints":{"allow":["GET"]}}],"collection":[{"href":"https:\/\/archiwum.jedwabno.pl\/jdbn_json_endpoint\/wp\/v2\/posts"}],"about":[{"href":"https:\/\/archiwum.jedwabno.pl\/jdbn_json_endpoint\/wp\/v2\/types\/post"}],"author":[{"embeddable":true,"href":"https:\/\/archiwum.jedwabno.pl\/jdbn_json_endpoint\/wp\/v2\/users\/55"}],"replies":[{"embeddable":true,"href":"https:\/\/archiwum.jedwabno.pl\/jdbn_json_endpoint\/wp\/v2\/comments?post=1888"}],"version-history":[{"count":0,"href":"https:\/\/archiwum.jedwabno.pl\/jdbn_json_endpoint\/wp\/v2\/posts\/1888\/revisions"}],"wp:featuredmedia":[{"embeddable":true,"href":"https:\/\/archiwum.jedwabno.pl\/jdbn_json_endpoint\/wp\/v2\/media\/1891"}],"wp:attachment":[{"href":"https:\/\/archiwum.jedwabno.pl\/jdbn_json_endpoint\/wp\/v2\/media?parent=1888"}],"wp:term":[{"taxonomy":"category","embeddable":true,"href":"https:\/\/archiwum.jedwabno.pl\/jdbn_json_endpoint\/wp\/v2\/categories?post=1888"},{"taxonomy":"post_tag","embeddable":true,"href":"https:\/\/archiwum.jedwabno.pl\/jdbn_json_endpoint\/wp\/v2\/tags?post=1888"}],"curies":[{"name":"wp","href":"https:\/\/api.w.org\/{rel}","templated":true}]}}