{"id":1849,"date":"2011-12-15T14:57:16","date_gmt":"2011-12-15T14:57:16","guid":{"rendered":"https:\/\/www.jedwabno.pl\/?p=1849"},"modified":"2011-12-16T12:15:54","modified_gmt":"2011-12-16T12:15:54","slug":"projekt-%e2%80%9ebiznes-nie-jest-dla-wybranych%e2%80%9d-gok-13-12-2011r","status":"publish","type":"post","link":"https:\/\/archiwum.jedwabno.pl\/1849\/projekt-%e2%80%9ebiznes-nie-jest-dla-wybranych%e2%80%9d-gok-13-12-2011r","title":{"rendered":"Projekt ?Biznes nie jest dla wybranych? , GOK 13.12.2011r."},"content":{"rendered":"<p style=\"text-align: center;\"><em>W dniu 13.12.2011 roku w GOKu odby\u0142o si\u0119 spotkanie informacyjne dotycz\u0105ce projektu ?Biznes nie jest dla wybranych?\u00a0 . Poprowadzi\u0142 je Bo\u017cydar Marcin B\u0142\u0119cki Inspektor Urz\u0119du Gminy <\/em><em>w Jedwabnie.<\/em><\/p>\n<p>Projekt ?Biznes nie jest dla wybranych? jest skierowany do os\u00f3b zagro\u017conych wykluczeniem spo\u0142ecznym z wojew\u00f3dztwa warmi\u0144sko ? mazurskiego i realizowany jest przez Fundacj\u0119 Rozwoju Przedsi\u0119biorczo\u015bci ATUT z Ostr\u00f3dy w partnerstwie z Elbl\u0105skim Stowarzyszeniem Wspierania Inicjatyw Pozarz\u0105dowych.<\/p>\n<p class=\"MsoNormal\">Osoby zakwalifikowane skorzystaj\u0105 ze wsparcia w formie us\u0142ugi szkoleniowo-doradczej oraz wsparcia finansowego na za\u0142o\u017cenie i dzia\u0142alno\u015b\u0107 sp\u00f3\u0142dzielni socjalnej.<\/p>\n<p class=\"MsoNormal\">Dotacja na za\u0142o\u017cenie sp\u00f3\u0142dzielni socjalnej b\u0119dzie przyznawana na zasadach konkursowych (na najlepszy plan za\u0142o\u017cenia i dzia\u0142alno\u015bci sp\u00f3\u0142dzielni socjalnej) i obj\u0119tych wsparciem zostanie min. 27 uczestnik\u00f3w. Dofinansowanych zostanie min. 5 sp\u00f3\u0142dzielni socjalnych utworzonych w ramach projektu. Maksymalna kwota dofinansowania to 20 000 z\u0142 na jednego cz\u0142onka sp\u00f3\u0142dzielni (uczestnika projektu). Ka\u017cdej za\u0142o\u017conej sp\u00f3\u0142dzielni zostanie przyporz\u0105dkowany opiekun, kt\u00f3ry przez okres 15 miesi\u0119cy b\u0119dzie wspiera\u0107 cz\u0142onk\u00f3w sp\u00f3\u0142dzielni oraz pomaga\u0107 w rozwi\u0105zywaniu pojawiaj\u0105cych si\u0119 problem\u00f3w. Dodatkowo uczestnikom, kt\u00f3rzy otrzymaj\u0105 wsparcie finansowe w formie dotacji przyznane zostanie podstawowe wsparcie pomostowe przez pierwsze 12 miesi\u0119cy w kwocie 1386 z\u0142\/miesi\u0105c na pokrycie wydatk\u00f3w zwi\u0105zanych z bie\u017c\u0105cym funkcjonowaniem sp\u00f3\u0142dzielni. Ka\u017cdy cz\u0142onek sp\u00f3\u0142dzielni socjalnej, kt\u00f3ry otrzyma\u0142 dotacj\u0119 skorzysta ze szkole\u0144 zawodowych<span style=\"mso-spacerun: yes;\">\u00a0 <\/span>dobranych do indywidualnych potrzeb przydatnych do prowadzenia sp\u00f3\u0142dzielni.<\/p>\n<p class=\"MsoNormal\">Projekt jest realizowany w ramach Programu Operacyjnego Kapita\u0142 Ludzki,<span style=\"mso-spacerun: yes;\">\u00a0 <\/span>Dzia\u0142anie VII- Promocja integracji Spo\u0142ecznej, 7.2<span style=\"mso-spacerun: yes;\">\u00a0 <\/span>Przeciwdzia\u0142anie wykluczeniu u wzmocnienie sektora ekonomii spo\u0142ecznej, 7.2.2 Wsparcie ekonomii spo\u0142ecznej.<\/p>\n<p class=\"MsoNormal\" style=\"text-align: center;\"><strong>Informacje na stronie www.atut.org.pl<\/strong><\/p>\n<p class=\"MsoNormal\" style=\"text-align: left;\">ngg_shortcode_0_placeholder<\/p>\n","protected":false},"excerpt":{"rendered":"<p>W dniu 13.12.2011 roku w GOKu odby\u0142o si\u0119 spotkanie informacyjne  [&#8230;]<\/p>\n","protected":false},"author":55,"featured_media":1856,"comment_status":"closed","ping_status":"open","sticky":false,"template":"","format":"standard","meta":{"ngg_post_thumbnail":0,"footnotes":""},"categories":[1],"tags":[],"class_list":["post-1849","post","type-post","status-publish","format-standard","has-post-thumbnail","hentry","category-wiadomosci"],"_links":{"self":[{"href":"https:\/\/archiwum.jedwabno.pl\/jdbn_json_endpoint\/wp\/v2\/posts\/1849","targetHints":{"allow":["GET"]}}],"collection":[{"href":"https:\/\/archiwum.jedwabno.pl\/jdbn_json_endpoint\/wp\/v2\/posts"}],"about":[{"href":"https:\/\/archiwum.jedwabno.pl\/jdbn_json_endpoint\/wp\/v2\/types\/post"}],"author":[{"embeddable":true,"href":"https:\/\/archiwum.jedwabno.pl\/jdbn_json_endpoint\/wp\/v2\/users\/55"}],"replies":[{"embeddable":true,"href":"https:\/\/archiwum.jedwabno.pl\/jdbn_json_endpoint\/wp\/v2\/comments?post=1849"}],"version-history":[{"count":0,"href":"https:\/\/archiwum.jedwabno.pl\/jdbn_json_endpoint\/wp\/v2\/posts\/1849\/revisions"}],"wp:featuredmedia":[{"embeddable":true,"href":"https:\/\/archiwum.jedwabno.pl\/jdbn_json_endpoint\/wp\/v2\/media\/1856"}],"wp:attachment":[{"href":"https:\/\/archiwum.jedwabno.pl\/jdbn_json_endpoint\/wp\/v2\/media?parent=1849"}],"wp:term":[{"taxonomy":"category","embeddable":true,"href":"https:\/\/archiwum.jedwabno.pl\/jdbn_json_endpoint\/wp\/v2\/categories?post=1849"},{"taxonomy":"post_tag","embeddable":true,"href":"https:\/\/archiwum.jedwabno.pl\/jdbn_json_endpoint\/wp\/v2\/tags?post=1849"}],"curies":[{"name":"wp","href":"https:\/\/api.w.org\/{rel}","templated":true}]}}