{"id":1817,"date":"2011-12-13T12:24:31","date_gmt":"2011-12-13T12:24:31","guid":{"rendered":"https:\/\/www.jedwabno.pl\/?p=1817"},"modified":"2011-12-16T09:56:34","modified_gmt":"2011-12-16T09:56:34","slug":"spektakl-koty-oraz-kiermasz-swiateczny-gok-10-12-2011-r","status":"publish","type":"post","link":"https:\/\/archiwum.jedwabno.pl\/1817\/spektakl-koty-oraz-kiermasz-swiateczny-gok-10-12-2011-r","title":{"rendered":"MUSIC-BAL &#8222;Dzieciaki kociaki&#8221; oraz kiermasz \u015bwi\u0105teczny, GOK 10.12.2011 r."},"content":{"rendered":"<p class=\"MsoNormal\" style=\"line-height: 150%;\">Dnia 10 grudnia 2011r. odby\u0142a si\u0119 premiera spektaklu &#8222;Dzieciaki kociaki&#8221; w re\u017cyserii Edwarda Sosny, koordynatorem projektu by\u0142a Klaudia Piersa. Poprzedza\u0142 j\u0105 kiermasz \u015bwi\u0105teczny. Prezentowane prace, podczas kiermaszu, wykonane zosta\u0142y w ramach zaj\u0119\u0107 plastycznych prowadzonych przez Joann\u0119 Wi\u015bniewsk\u0105. Podziwia\u0107 mo\u017cna by\u0142o tak\u017ce koty wykonane w pracowni plastyki i ceramiki w Kocie, w ramach warsztat\u00f3w prowadzonych przez Urszul\u0119 Poryck\u0105 ? Krawczewsk\u0105. Na kiermaszu mo\u017cna by\u0142o naby\u0107 komplety ozd\u00f3b choinkowych, anio\u0142y z masy solnej, \u015bwieczniki, kartki \u015bwi\u0105teczne oraz inne prace dzieci. Kiermasz poprowadzi\u0142y: Aleksandra Lubowiecka, Martyna Kostiuk, Agnieszka Granoszewska, Natalia Kowalczyk oraz instruktor zaj\u0119\u0107 plastycznych Joanna Wi\u015bniewska. O godzinie 18:00 rozpocz\u0105\u0142 si\u0119 Music &#8211; Bal ?Dzieciaki kociaki&#8221;, <span style=\"mso-spacerun: yes;\">\u00a0<\/span>sala kinowa GOK-u by\u0142a wype\u0142niona po brzegi. Dzieci zagra\u0142y w dziewi\u0119ciu utworach, nad kt\u00f3rymi pracowa\u0142y od wrze\u015bnia. Obejrze\u0107 by\u0142o mo\u017cna koty w r\u00f3\u017cnych ods\u0142onach min. leniwe kotki, koty \u0142asuchy, pracowite kociaki oraz kotki psotki. Po zako\u0144czonym przedstawieniu Edward Sosna z\u0142o\u017cy\u0142 podzi\u0119kowania wszystkim dzieciom wr\u0119czaj\u0105c im s\u0142odki upominek. Odby\u0142a si\u0119 tak\u017ce wystawa prac 24 osobowej grupy pt. &#8222;NASZE KOTY?. Dyrektor Gminnego O\u015brodka Kultury w Jedwabnie zapowiedzia\u0142a kontynuacj\u0119 wyst\u0119p\u00f3w dzieci w musicalu ?KOTY? tak\u017ce poza granicami Gminy Jedwabno.<\/p>\nngg_shortcode_0_placeholder\n<p>Zdj\u0119cia: Izabela W\u0142odkowska, Joanna Wisniewska, <strong>Mateusz Arbatowski<\/strong><\/p>\n","protected":false},"excerpt":{"rendered":"<p>Dnia 10 grudnia 2011r. odby\u0142a si\u0119 premiera spektaklu &#8222;Dzieciaki kociaki&#8221;  [&#8230;]<\/p>\n","protected":false},"author":55,"featured_media":1820,"comment_status":"closed","ping_status":"open","sticky":false,"template":"","format":"standard","meta":{"ngg_post_thumbnail":0,"footnotes":""},"categories":[1],"tags":[],"class_list":["post-1817","post","type-post","status-publish","format-standard","has-post-thumbnail","hentry","category-wiadomosci"],"_links":{"self":[{"href":"https:\/\/archiwum.jedwabno.pl\/jdbn_json_endpoint\/wp\/v2\/posts\/1817","targetHints":{"allow":["GET"]}}],"collection":[{"href":"https:\/\/archiwum.jedwabno.pl\/jdbn_json_endpoint\/wp\/v2\/posts"}],"about":[{"href":"https:\/\/archiwum.jedwabno.pl\/jdbn_json_endpoint\/wp\/v2\/types\/post"}],"author":[{"embeddable":true,"href":"https:\/\/archiwum.jedwabno.pl\/jdbn_json_endpoint\/wp\/v2\/users\/55"}],"replies":[{"embeddable":true,"href":"https:\/\/archiwum.jedwabno.pl\/jdbn_json_endpoint\/wp\/v2\/comments?post=1817"}],"version-history":[{"count":0,"href":"https:\/\/archiwum.jedwabno.pl\/jdbn_json_endpoint\/wp\/v2\/posts\/1817\/revisions"}],"wp:featuredmedia":[{"embeddable":true,"href":"https:\/\/archiwum.jedwabno.pl\/jdbn_json_endpoint\/wp\/v2\/media\/1820"}],"wp:attachment":[{"href":"https:\/\/archiwum.jedwabno.pl\/jdbn_json_endpoint\/wp\/v2\/media?parent=1817"}],"wp:term":[{"taxonomy":"category","embeddable":true,"href":"https:\/\/archiwum.jedwabno.pl\/jdbn_json_endpoint\/wp\/v2\/categories?post=1817"},{"taxonomy":"post_tag","embeddable":true,"href":"https:\/\/archiwum.jedwabno.pl\/jdbn_json_endpoint\/wp\/v2\/tags?post=1817"}],"curies":[{"name":"wp","href":"https:\/\/api.w.org\/{rel}","templated":true}]}}