{"id":1730,"date":"2011-12-05T10:41:00","date_gmt":"2011-12-05T10:41:00","guid":{"rendered":"https:\/\/www.jedwabno.pl\/?p=1730"},"modified":"2011-12-05T10:44:51","modified_gmt":"2011-12-05T10:44:51","slug":"elektroniczna-rejestracja-dzialalnosci-gospodarczej-w-urzedzie-gminy-jedwabno","status":"publish","type":"post","link":"https:\/\/archiwum.jedwabno.pl\/1730\/elektroniczna-rejestracja-dzialalnosci-gospodarczej-w-urzedzie-gminy-jedwabno","title":{"rendered":"Elektroniczna rejestracja dzia\u0142alno\u015bci gospodarczej w Urz\u0119dzie Gminy Jedwabno"},"content":{"rendered":"<p class=\"MsoNormal\" style=\"line-height: 150%; text-align: center;\"><strong>Od stycznia 2012 roku w Urz\u0119dzie Gminy Jedwabno funkcjonowa\u0107 b\u0119dzie stanowisko do obs\u0142ugi Centralnej Ewidencji i informacji o dzia\u0142alno\u015bci gospodarczej \u00a0umo\u017cliwiaj\u0105ce elektroniczn\u0105 rejestracj\u0119 dzia\u0142alno\u015bci gospodarczej.<\/strong><\/p>\n<p class=\"MsoNormal\" style=\"text-align: justify; line-height: 150%;\">Projekt pt. ?Centralna Ewidencja i Informacja o Dzia\u0142alno\u015bci Gospodarczej?, finansowany w ramach Programu Operacyjnego Innowacyjna Gospodarka na lata 2007-2013.<\/p>\n<p class=\"MsoNormal\" style=\"text-align: justify; line-height: 150%;\">Celem projektu CEIDG jest umo\u017cliwienie ewidencjonowania dzia\u0142alno\u015bci gospodarczej drog\u0105 elektroniczn\u0105 w ramach tzw. ?Jednego Okienka?, z wykorzystaniem zintegrowanego formularza zawieraj\u0105cego dane niezb\u0119dne dla CEIDG jak r\u00f3wnie\u017c udost\u0119pnianie informacji o wpisach do ewidencji dzia\u0142alno\u015bci gospodarczej, koncesjach, zezwoleniach oraz wpisach do rejestru dzia\u0142alno\u015bci regulowanej przez Internet.<\/p>\n<p class=\"MsoNormal\" style=\"text-align: justify; line-height: 150%;\">Realizacja projektu CEIDG doprowadzi do usprawnienia procesu rejestracji dzia\u0142alno\u015bci gospodarczej. Umo\u017cliwi rejestracj\u0119 dzia\u0142alno\u015bci gospodarczej on-line, a dost\u0119p do CEIDG b\u0119dzie mo\u017cliwy z ka\u017cdego miejsca w Polsce i zagranic\u0105, bez konieczno\u015bci odwiedzania urz\u0119du.<\/p>\n<p class=\"MsoNormal\" style=\"text-align: justify; line-height: 150%;\">Realizacja projektu przyczyni si\u0119 tak\u017ce do zwi\u0119kszenia dost\u0119pno\u015bci zasob\u00f3w informacyjnych administracji publicznej oraz us\u0142ug publicznych w formie cyfrowej dla obywateli i przedsi\u0119biorc\u00f3w. Zostanie, bowiem utworzona centralna informacja o przedsi\u0119biorcach, zawieraj\u0105ca r\u00f3wnie\u017c informacje o udzielonych koncesjach, zezwoleniach i wpisach do rejestru dzia\u0142alno\u015bci regulowanej. Dost\u0119p do ww. informacji b\u0119dzie mo\u017cliwy za pomoc\u0105 internetowej wyszukiwarki. Ponadto obieg spraw zwi\u0105zanych z rejestracj\u0105 dzia\u0142alno\u015bci gospodarczej odbywa\u0142 si\u0119 b\u0119dzie elektronicznie. Dost\u0119p do systemu CEIDG b\u0119dzie mo\u017cliwy poprzez platform\u0119 ePUAP.<\/p>\n<p class=\"MsoNormal\" style=\"text-align: justify; line-height: 150%;\"><em>W ramach realizacji projektu zostan\u0105 uruchomione m.in nast\u0119puj\u0105ce us\u0142ugi on-line:<\/em><\/p>\n<p class=\"MsoNormal\" style=\"text-align: justify; line-height: 150%;\">&#8211; mo\u017cliwo\u015b\u0107 z\u0142o\u017cenia on-line wniosku o wpis do ewidencji dzia\u0142alno\u015bci gospodarczej, wniosku o zmian\u0119 wpisu, wniosku dotycz\u0105cego zawieszenia dzia\u0142alno\u015bci gospodarczej oraz wniosku o wykre\u015blenie z ewidencji;<\/p>\n<p class=\"MsoNormal\" style=\"text-align: justify; line-height: 150%;\">&#8211; informacja o zasadach rejestracji dzia\u0142alno\u015bci gospodarczej oraz informacja dotycz\u0105ca wype\u0142niania wniosku o wpis do CEIDG;<\/p>\n<p class=\"MsoNormal\" style=\"text-align: justify; line-height: 150%;\">&#8211; wyszukiwarka przedsi\u0119biorstw wg r\u00f3\u017cnych kryteri\u00f3w wyszukiwania: nazwa, numer NIP, REGON, KRS;<\/p>\n<p class=\"MsoNormal\" style=\"text-align: justify; line-height: 150%;\">&#8211; informacja o przedsi\u0119biorcach-osobach fizycznych.<\/p>\n<p class=\"MsoNormal\" style=\"line-height: 150%; text-align: center;\"><strong style=\"mso-bidi-font-weight: normal;\">Informacje: www.mg.gov.pl<\/strong><\/p>\n","protected":false},"excerpt":{"rendered":"<p>Od stycznia 2012 roku w Urz\u0119dzie Gminy Jedwabno funkcjonowa\u0107 b\u0119dzie  [&#8230;]<\/p>\n","protected":false},"author":55,"featured_media":1731,"comment_status":"closed","ping_status":"open","sticky":false,"template":"","format":"standard","meta":{"ngg_post_thumbnail":0,"footnotes":""},"categories":[1],"tags":[],"class_list":["post-1730","post","type-post","status-publish","format-standard","has-post-thumbnail","hentry","category-wiadomosci"],"_links":{"self":[{"href":"https:\/\/archiwum.jedwabno.pl\/jdbn_json_endpoint\/wp\/v2\/posts\/1730","targetHints":{"allow":["GET"]}}],"collection":[{"href":"https:\/\/archiwum.jedwabno.pl\/jdbn_json_endpoint\/wp\/v2\/posts"}],"about":[{"href":"https:\/\/archiwum.jedwabno.pl\/jdbn_json_endpoint\/wp\/v2\/types\/post"}],"author":[{"embeddable":true,"href":"https:\/\/archiwum.jedwabno.pl\/jdbn_json_endpoint\/wp\/v2\/users\/55"}],"replies":[{"embeddable":true,"href":"https:\/\/archiwum.jedwabno.pl\/jdbn_json_endpoint\/wp\/v2\/comments?post=1730"}],"version-history":[{"count":0,"href":"https:\/\/archiwum.jedwabno.pl\/jdbn_json_endpoint\/wp\/v2\/posts\/1730\/revisions"}],"wp:featuredmedia":[{"embeddable":true,"href":"https:\/\/archiwum.jedwabno.pl\/jdbn_json_endpoint\/wp\/v2\/media\/1731"}],"wp:attachment":[{"href":"https:\/\/archiwum.jedwabno.pl\/jdbn_json_endpoint\/wp\/v2\/media?parent=1730"}],"wp:term":[{"taxonomy":"category","embeddable":true,"href":"https:\/\/archiwum.jedwabno.pl\/jdbn_json_endpoint\/wp\/v2\/categories?post=1730"},{"taxonomy":"post_tag","embeddable":true,"href":"https:\/\/archiwum.jedwabno.pl\/jdbn_json_endpoint\/wp\/v2\/tags?post=1730"}],"curies":[{"name":"wp","href":"https:\/\/api.w.org\/{rel}","templated":true}]}}