{"id":1726,"date":"2011-12-05T10:34:30","date_gmt":"2011-12-05T10:34:30","guid":{"rendered":"https:\/\/www.jedwabno.pl\/?p=1726"},"modified":"2011-12-05T10:34:30","modified_gmt":"2011-12-05T10:34:30","slug":"uhonorowanie-anny-sarnowskiej-nagroda-specjalna-ministra-kultury-i-dziedzictwa-narodowego","status":"publish","type":"post","link":"https:\/\/archiwum.jedwabno.pl\/1726\/uhonorowanie-anny-sarnowskiej-nagroda-specjalna-ministra-kultury-i-dziedzictwa-narodowego","title":{"rendered":"Uhonorowanie Anny Sarnowskiej nagrod\u0105 specjaln\u0105 Ministra Kultury i Dziedzictwa Narodowego."},"content":{"rendered":"<p class=\"MsoNormal\" style=\"line-height: 150%; text-align: center;\">W dniu 30.11.2011 r. w Gminnym O\u015brodku Kultury w Jedwabnie w otoczeniu cz\u0142onk\u00f3w Zespo\u0142u Pie\u015bni i Ta\u0144ca ?Jedwabno? Krzysztof Otulakowski W\u00f3jt Gminy wraz z Mari\u0105 Sienkiewicz Przewodnicz\u0105c\u0105 Rady Gminy Jedwabno oraz Jolant\u0105 Dr\u0119\u017cek Sekretarz Gminy wr\u0119czyli symboliczny upominek laureatce Nagrody Ministra Annie Sarnowskiej.<\/p>\n<p class=\"MsoNormal\" style=\"text-align: justify; line-height: 150%;\"><span style=\"mso-tab-count: 1;\">\u00a0 \u00a0 \u00a0 \u00a0 \u00a0 \u00a0 A<\/span>nna Sarnowska, choreograf ta\u0144ca ludowego regionu warmi\u0144sko-mazurskiego, autorka program\u00f3w dla zespo\u0142\u00f3w ludowych dzia\u0142aj\u0105cych nie tylko w regionie, ale r\u00f3wnie\u017c w Polsce i poza krajem, otrzyma\u0142a nagrod\u0119 Ministra Kultury i Dziedzictwa Narodowego za d\u0142ugoletni\u0105 dzia\u0142alno\u015b\u0107 folklorystyczn\u0105.<\/p>\n<p class=\"MsoNormal\" style=\"text-align: justify; line-height: 150%;\"><span style=\"mso-tab-count: 1;\">\u00a0 \u00a0 \u00a0 \u00a0 \u00a0 \u00a0 A<\/span>nna Sarnowska na swoim koncie ma wiele osi\u0105gni\u0119\u0107, gdy\u017c z ta\u0144cem ludowym zwi\u0105zana jest od 1966 roku. Jest uznanym i wielokrotnie utytu\u0142owanym choreografem ta\u0144ca ludowego regionu warmi\u0144sko ? mazurskiego. Sta\u0142ym konsultantem i choreografem Polonijnego Zespo\u0142u Folklorystycznego ?KRAKOWIAK? w Grenoble (Francja). Szkoleniowcem instruktor\u00f3w ta\u0144ca w regionie i w Polsce. Jest to osoba wykszta\u0142cona przez s\u0142ynnego Wojciecha Muchlado, tw\u00f3rc\u0119 i choreografa Zespo\u0142u Pie\u015bni i Ta\u0144ca ?OLSZTYN?. Za swoj\u0105 prac\u0119 zawodow\u0105 i spo\u0142eczn\u0105 zosta\u0142a dotychczas wyr\u00f3\u017cniona: Br\u0105zowym Krzy\u017cem Zas\u0142ugi (1979), Z\u0142otym Krzy\u017cem Zas\u0142ugi (2003), Odznak\u0105 ?Zas\u0142u\u017cony Dzia\u0142acz Kultury?(1987), Honorow\u0105 Odznak\u0105 ?Zas\u0142u\u017conym dla Warmii i Mazur (1977), Statuetk\u0105 ?Juranda? (2003, przyznan\u0105 przez Starostwo Powiatowe w Szczytnie za wybitne osi\u0105gni\u0119cia w dziedzinie kultury).<\/p>\n<p class=\"MsoNormal\" style=\"text-align: justify; line-height: 150%;\"><span style=\"mso-tab-count: 1;\">\u00a0\u00a0\u00a0\u00a0\u00a0\u00a0\u00a0\u00a0\u00a0\u00a0\u00a0 <\/span>W roku 2010 ukaza\u0142a si\u0119 ksi\u0105\u017cka Anny Sarnowskiej ?Ta\u0144ce warmi\u0144skie i mazurskie. Podr\u0119cznik dla nauczycieli i instruktor\u00f3w ta\u0144ca?. Po raz pierwszy od blisko 40 lat ukaza\u0142 si\u0119 podr\u0119cznik do nauki ludowych ta\u0144c\u00f3w warmi\u0144skich i mazurskich. Ksi\u0105\u017cka przeznaczona jest dla nauczycieli i instruktor\u00f3w ta\u0144ca oraz mi\u0142o\u015bnik\u00f3w folkloru.<\/p>\n<p class=\"MsoNormal\" style=\"text-align: justify; line-height: 150%;\"><span style=\"mso-tab-count: 1;\">\u00a0\u00a0\u00a0\u00a0\u00a0\u00a0\u00a0\u00a0\u00a0\u00a0\u00a0 <\/span>Laureatka Nagrody Ministra obecnie prowadzi Zesp\u00f3\u0142 Pie\u015bni i Ta\u0144ca ?JEDWABNO?, kt\u00f3ry w roku 2013 b\u0119dzie obchodzi\u0142 30-lecie powstania. Od pocz\u0105tku swojego istnienia koncertuje podczas uroczysto\u015bci lokalnych i \u015bwi\u0105t pa\u0144stwowych. Zesp\u00f3\u0142 Pie\u015bni i Ta\u0144ca ?Jedwabno? specjalizuje si\u0119 w przedstawianiu folkloru Warmii i Mazur i jest jedn\u0105 z nielicznych grup, kt\u00f3ra posiada tak szeroki repertuar pie\u015bni, ta\u0144c\u00f3w i zabaw z tego regionu.<\/p>\n","protected":false},"excerpt":{"rendered":"<p>W dniu 30.11.2011 r. w Gminnym O\u015brodku Kultury w Jedwabnie  [&#8230;]<\/p>\n","protected":false},"author":55,"featured_media":0,"comment_status":"closed","ping_status":"open","sticky":false,"template":"","format":"standard","meta":{"ngg_post_thumbnail":0,"footnotes":""},"categories":[1],"tags":[],"class_list":["post-1726","post","type-post","status-publish","format-standard","hentry","category-wiadomosci"],"_links":{"self":[{"href":"https:\/\/archiwum.jedwabno.pl\/jdbn_json_endpoint\/wp\/v2\/posts\/1726","targetHints":{"allow":["GET"]}}],"collection":[{"href":"https:\/\/archiwum.jedwabno.pl\/jdbn_json_endpoint\/wp\/v2\/posts"}],"about":[{"href":"https:\/\/archiwum.jedwabno.pl\/jdbn_json_endpoint\/wp\/v2\/types\/post"}],"author":[{"embeddable":true,"href":"https:\/\/archiwum.jedwabno.pl\/jdbn_json_endpoint\/wp\/v2\/users\/55"}],"replies":[{"embeddable":true,"href":"https:\/\/archiwum.jedwabno.pl\/jdbn_json_endpoint\/wp\/v2\/comments?post=1726"}],"version-history":[{"count":0,"href":"https:\/\/archiwum.jedwabno.pl\/jdbn_json_endpoint\/wp\/v2\/posts\/1726\/revisions"}],"wp:attachment":[{"href":"https:\/\/archiwum.jedwabno.pl\/jdbn_json_endpoint\/wp\/v2\/media?parent=1726"}],"wp:term":[{"taxonomy":"category","embeddable":true,"href":"https:\/\/archiwum.jedwabno.pl\/jdbn_json_endpoint\/wp\/v2\/categories?post=1726"},{"taxonomy":"post_tag","embeddable":true,"href":"https:\/\/archiwum.jedwabno.pl\/jdbn_json_endpoint\/wp\/v2\/tags?post=1726"}],"curies":[{"name":"wp","href":"https:\/\/api.w.org\/{rel}","templated":true}]}}