{"id":1717,"date":"2011-12-01T15:46:55","date_gmt":"2011-12-01T15:46:55","guid":{"rendered":"https:\/\/www.jedwabno.pl\/?p=1717"},"modified":"2011-12-20T11:04:26","modified_gmt":"2011-12-20T11:04:26","slug":"gminna-biblioteka-publiczna-w-jedwabnie-najlepsza-biblioteka-w-wojewodztwie","status":"publish","type":"post","link":"https:\/\/archiwum.jedwabno.pl\/1717\/gminna-biblioteka-publiczna-w-jedwabnie-najlepsza-biblioteka-w-wojewodztwie","title":{"rendered":"Gminna Biblioteka Publiczna w Jedwabnie &#8211; najlepsz\u0105 bibliotek\u0105 w wojew\u00f3dztwie"},"content":{"rendered":"<p>Redakcja &#8222;Rzeczpospolitej&#8221; we wsp\u00f3\u0142pracy z Instytutem Ksi\u0105\u017cki przeprowadzi\u0142a ranking bibliotek w gminach, kt\u00f3re maj\u0105 mniej ni\u017c 15 tys. mieszka\u0144c\u00f3w. \u00a0Gminna Biblioteka Publiczna w Jedwabnie w skali kraju uplasowa\u0142a si\u0119 na 33 miejscu na 600 zg\u0142oszonych plac\u00f3wek, a w wojew\u00f3dztwie warmi\u0144sko &#8211; mazurskim na miejscu 1.<\/p>\n<p>Ranking powsta\u0142 z danych zebranych na podstawie ankiet oraz wykorzystane zosta\u0142y dane z GUS. Oceniano: powierzchni\u0119 biblioteki w przeliczeniu na 1000 mieszka\u0144c\u00f3w (110+60m2), ile godzin tygodniowo jest czynna biblioteka (52), wielko\u015b\u0107 ksi\u0119gozbioru w przeliczeniu na 100 mieszka\u0144c\u00f3w (17,7), nowe ksi\u0105\u017cki zakupione w 2010 r. (754), szkolenia(1), udzia\u0142 dotacji podmiotowej dla biblioteki w bud\u017cecie gminy w 2010 r., pozyskane przez biblioteki \u015brodki pozabud\u017cetowe w 2010 r., dost\u0119pne dla czytelnik\u00f3w tytu\u0142y prasowe (dzienniki, tygodniki, prasa dla dzieci) (8), udogodnienia dla os\u00f3b niepe\u0142nosprawnych (tak), posiadanie strony internetowej (tak), dost\u0119pno\u015b\u0107 Internetu dla czytelnik\u00f3w (tak), dzia\u0142aj\u0105ce przy bibliotece r\u00f3\u017cnorodne k\u00f3\u0142ka np. czytelnicze, wolontariat.<\/p>\n<p>Danuta Orzo\u0142ek dyrektor Gminnej Biblioteki Publicznej w Jedwabnie zosta\u0142a wyr\u00f3\u017cniona przez w\u00f3jta gminy Krzysztofa Otulakowskiego oraz przewodnicz\u0105c\u0105 rady gminy Mari\u0119 Sienkiewicz na ostatniej\u00a0 sesji rady gminy Jedwabno.<\/p>\n<p>&nbsp;<\/p>\n","protected":false},"excerpt":{"rendered":"<p>Redakcja &#8222;Rzeczpospolitej&#8221; we wsp\u00f3\u0142pracy z Instytutem Ksi\u0105\u017cki przeprowadzi\u0142a ranking bibliotek  [&#8230;]<\/p>\n","protected":false},"author":55,"featured_media":1719,"comment_status":"closed","ping_status":"open","sticky":false,"template":"","format":"standard","meta":{"ngg_post_thumbnail":0,"footnotes":""},"categories":[1],"tags":[],"class_list":["post-1717","post","type-post","status-publish","format-standard","has-post-thumbnail","hentry","category-wiadomosci"],"_links":{"self":[{"href":"https:\/\/archiwum.jedwabno.pl\/jdbn_json_endpoint\/wp\/v2\/posts\/1717","targetHints":{"allow":["GET"]}}],"collection":[{"href":"https:\/\/archiwum.jedwabno.pl\/jdbn_json_endpoint\/wp\/v2\/posts"}],"about":[{"href":"https:\/\/archiwum.jedwabno.pl\/jdbn_json_endpoint\/wp\/v2\/types\/post"}],"author":[{"embeddable":true,"href":"https:\/\/archiwum.jedwabno.pl\/jdbn_json_endpoint\/wp\/v2\/users\/55"}],"replies":[{"embeddable":true,"href":"https:\/\/archiwum.jedwabno.pl\/jdbn_json_endpoint\/wp\/v2\/comments?post=1717"}],"version-history":[{"count":0,"href":"https:\/\/archiwum.jedwabno.pl\/jdbn_json_endpoint\/wp\/v2\/posts\/1717\/revisions"}],"wp:featuredmedia":[{"embeddable":true,"href":"https:\/\/archiwum.jedwabno.pl\/jdbn_json_endpoint\/wp\/v2\/media\/1719"}],"wp:attachment":[{"href":"https:\/\/archiwum.jedwabno.pl\/jdbn_json_endpoint\/wp\/v2\/media?parent=1717"}],"wp:term":[{"taxonomy":"category","embeddable":true,"href":"https:\/\/archiwum.jedwabno.pl\/jdbn_json_endpoint\/wp\/v2\/categories?post=1717"},{"taxonomy":"post_tag","embeddable":true,"href":"https:\/\/archiwum.jedwabno.pl\/jdbn_json_endpoint\/wp\/v2\/tags?post=1717"}],"curies":[{"name":"wp","href":"https:\/\/api.w.org\/{rel}","templated":true}]}}