{"id":1687,"date":"2011-11-30T12:13:56","date_gmt":"2011-11-30T12:13:56","guid":{"rendered":"https:\/\/www.jedwabno.pl\/?p=1687"},"modified":"2011-12-13T12:35:19","modified_gmt":"2011-12-13T12:35:19","slug":"przedszkole-samorzadowe-w-jedwabnie-bierze-udzial-w-akcji-gora-grosza-2011","status":"publish","type":"post","link":"https:\/\/archiwum.jedwabno.pl\/1687\/przedszkole-samorzadowe-w-jedwabnie-bierze-udzial-w-akcji-gora-grosza-2011","title":{"rendered":"Przedszkole Samorz\u0105dowe w Jedwabnie bierze udzia\u0142 w akcji &#8222;G\u00d3RA GROSZA 2011&#8221;"},"content":{"rendered":"<p style=\"text-align: center;\"><strong>G\u00d3RA GROSZA 2011<\/strong><\/p>\n<p style=\"text-align: center;\">XII edycja og\u00f3lnopolskiej akcji, kt\u00f3ra ruszy\u0142a w dniach od 21 listopada do 2 grudnia. \u00a0Podczas tegorocznej akcji uczniowie Przedszkola Samorz\u0105dowego w Jedwabnie zbieraj\u0105 monety, by nast\u0119pnie przekaza\u0107 je na pomoc rodzinnym domom dziecka, rodzinom zast\u0119pczym i pogotowiom rodzinnym.<\/p>\n<p style=\"text-align: center;\">\n<p style=\"text-align: center;\">\u015arodki pozyskane w ramach tej akcji przez Przedszkole Samorz\u0105dowe w Jedwabnie to \u00a097,95 z\u0142.<\/p>\n","protected":false},"excerpt":{"rendered":"<p>G\u00d3RA GROSZA 2011 XII edycja og\u00f3lnopolskiej akcji, kt\u00f3ra ruszy\u0142a w  [&#8230;]<\/p>\n","protected":false},"author":55,"featured_media":1689,"comment_status":"closed","ping_status":"open","sticky":false,"template":"","format":"standard","meta":{"ngg_post_thumbnail":0,"footnotes":""},"categories":[1],"tags":[],"class_list":["post-1687","post","type-post","status-publish","format-standard","has-post-thumbnail","hentry","category-wiadomosci"],"_links":{"self":[{"href":"https:\/\/archiwum.jedwabno.pl\/jdbn_json_endpoint\/wp\/v2\/posts\/1687","targetHints":{"allow":["GET"]}}],"collection":[{"href":"https:\/\/archiwum.jedwabno.pl\/jdbn_json_endpoint\/wp\/v2\/posts"}],"about":[{"href":"https:\/\/archiwum.jedwabno.pl\/jdbn_json_endpoint\/wp\/v2\/types\/post"}],"author":[{"embeddable":true,"href":"https:\/\/archiwum.jedwabno.pl\/jdbn_json_endpoint\/wp\/v2\/users\/55"}],"replies":[{"embeddable":true,"href":"https:\/\/archiwum.jedwabno.pl\/jdbn_json_endpoint\/wp\/v2\/comments?post=1687"}],"version-history":[{"count":0,"href":"https:\/\/archiwum.jedwabno.pl\/jdbn_json_endpoint\/wp\/v2\/posts\/1687\/revisions"}],"wp:featuredmedia":[{"embeddable":true,"href":"https:\/\/archiwum.jedwabno.pl\/jdbn_json_endpoint\/wp\/v2\/media\/1689"}],"wp:attachment":[{"href":"https:\/\/archiwum.jedwabno.pl\/jdbn_json_endpoint\/wp\/v2\/media?parent=1687"}],"wp:term":[{"taxonomy":"category","embeddable":true,"href":"https:\/\/archiwum.jedwabno.pl\/jdbn_json_endpoint\/wp\/v2\/categories?post=1687"},{"taxonomy":"post_tag","embeddable":true,"href":"https:\/\/archiwum.jedwabno.pl\/jdbn_json_endpoint\/wp\/v2\/tags?post=1687"}],"curies":[{"name":"wp","href":"https:\/\/api.w.org\/{rel}","templated":true}]}}