{"id":1646,"date":"2011-11-29T19:45:02","date_gmt":"2011-11-29T19:45:02","guid":{"rendered":"https:\/\/www.jedwabno.pl\/?p=1646"},"modified":"2011-11-29T19:49:32","modified_gmt":"2011-11-29T19:49:32","slug":"realizacja-projektu-pn-w-mazurskiej-wsi-kot","status":"publish","type":"post","link":"https:\/\/archiwum.jedwabno.pl\/1646\/realizacja-projektu-pn-w-mazurskiej-wsi-kot","title":{"rendered":"Realizacja projektu pn. &#8222;W mazurskiej wsi Kot&#8221;"},"content":{"rendered":"<p>Stowarzyszenie Kotowskie Centrum Aktywno\u015bci Lokalnej ?Omulew? zrealizowa\u0142o w 2011 roku (przy wsparciu finansowym Samorz\u0105du Wojew\u00f3dztwa Warmi\u0144sko ? Mazurskiego) projekt pt. ?W mazurskiej wsi Kot?. Dzi\u0119ki dotacji 5 000,00 z\u0142\u00a0 zrealizowano zadanie publiczne w zakresie aktywizacji spo\u0142eczno\u015bci lokalnych na obszarach wiejskich: organizowanie pokaz\u00f3w, wystaw, wernisa\u017cy dzie\u0142 sztuki ludowej oraz innych osi\u0105gni\u0119\u0107 zwi\u0105zanych z dorobkiem spo\u0142eczno\u015bci lokalnej Warmii, Mazur i Powi\u015bla.<\/p>\n<p>Mieszka\u0144cy so\u0142ectwa Kot od kwietnia do wrze\u015bnia 2011 roku bezpo\u015brednio obcowali z rzemios\u0142em artystycznym. W mi\u0119dzyczasie systematycznie prezentowali swe dzie\u0142a w trakcie lokalnych imprez i udowodnili zar\u00f3wno sobie jak i swym bliskim, i\u017c nawet w ma\u0142ej mazurskiej wsi mo\u017cna sp\u0119dzi\u0107 konstruktywnie czas.<\/p>\n<p>Pomys\u0142odawcy projektu chcieli umo\u017cliwi\u0107 mieszka\u0144com swego so\u0142ectwa aktywne sp\u0119dzenie czasu i przygotowali r\u00f3\u017cnorodne propozycje na ten sezon ? warsztaty po\u015bwi\u0119cone wyrobom wikliniarskim, ceramicznych i bibu\u0142kowym. Dla wielu os\u00f3b by\u0142o to pierwsze zetkni\u0119cie z rzemios\u0142em artystycznym dzi\u0119ki kt\u00f3remu odkryli, a nast\u0119pnie rozwin\u0119li swe zdolno\u015bci. Tw\u00f3rczynie ludowe pokaza\u0142y jak stworzy\u0107 dzie\u0142a sztuki z wikliny i kolorowej bibu\u0142y. W trakcie warsztat\u00f3w ceramicznych (poprowadzonych przez pani\u0105 Urszul\u0119 Poryck\u0105 &#8211; Krawczewsk\u0105) poszerzono umiej\u0119tno\u015bci zdobyte w trakcie ubieg\u0142orocznych zaj\u0119\u0107. Spotkania dla najm\u0142odszych (dzieci i m\u0142odzie\u017cy) trwa\u0142y przez ca\u0142y okres wakacyjny. Z kolei w Wiosce Garncarskiej (w Kamionce ko\u0142o Nidzicy) ch\u0119tni nauczyli si\u0119 toczy\u0107 na kole garncarskie formy ceramiczne. Nabyta wiedza zosta\u0142a nast\u0119pnie przekazana kolejnym zainteresowanym osobom.<\/p>\n<p>Wytwory uczestnik\u00f3w (ceramika wykonana r\u0119cznie i na kole garncarskim, wiklinowe kosze i bibu\u0142kowe kwiaty) przez ostatnie miesi\u0105ce prezentowane by\u0142y wielokrotnie. Pierwsza ekspozycja mia\u0142a miejsce w trakcie wiejskiego festynu w Kocie i wzbudzi\u0142a du\u017ce zainteresowanie w\u015br\u00f3d uczestnik\u00f3w festynu ? arty\u015bci z dum\u0105 pokazywali najbli\u017cszym swe dzie\u0142a daj\u0105c wszystkim okazj\u0119 do obcowania z wytworami rzemios\u0142a ludowego. Nast\u0119pnie wytwory pokazano na lokalnym gruncie ? w trakcie XIX Dni Jedwabna i \u015awi\u0119ta Chleba. Zadanie kt\u00f3re mia\u0142o przede wszystkim na celu aktywizacj\u0119 \u015brodowiska lokalnego doprowadzi\u0142o nie tylko do aktywizacji czy te\u017c integracji miejscowej spo\u0142eczno\u015bci poprzez zabaw\u0119 i wsp\u00f3ln\u0105 prac\u0119 w\u0142o\u017con\u0105 w realizacj\u0119 przedsi\u0119biorstwa, ale i r\u00f3wnie\u017c pomog\u0142o w promowaniu wsi Kot ? zar\u00f3wno na terenie gminy Jedwabno jak i powiatu Szczytno w trakcie Dni i Nocy Szczytna i Powiatowych Do\u017cynek w Wielbarku.<\/p>\n<p>Wszelkie dzia\u0142ania podejmowane w ramach projektu mia\u0142y na celu podtrzymywanie i piel\u0119gnowanie cz\u0119sto zapomnianych ju\u017c dzi\u015b zawod\u00f3w zwi\u0105zanych z r\u0119kodzie\u0142em ludowym. By\u0142 to kolejny tego typu projekt zrealizowany przez mieszka\u0144c\u00f3w wsi Kot, kt\u00f3rzy pr\u00f3buj\u0105 samodzielnie rozbudzi\u0107 \u017cycie kulturalne na terenie swojego so\u0142ectwa.<\/p>\n<p style=\"text-align: center;\">W trakcie warsztat\u00f3w z papieroplastyki (poprowadzonych przez Joann\u0119 Krzy\u017cewsk\u0105) mieszka\u0144cy wsi Kot opanowali umiej\u0119tno\u015bci tworzenia najpi\u0119kniejszych polskich kwiat\u00f3w.<\/p>\n<p><a href=\"https:\/\/archiwum.jedwabno.pl\/wp-content\/uploads\/2011\/11\/DSC04436-modified.jpg\"><img decoding=\"async\" class=\"aligncenter size-medium wp-image-1650\" title=\"DSC04436 modified\" src=\"https:\/\/archiwum.jedwabno.pl\/wp-content\/uploads\/2011\/11\/DSC04436-modified-300x225.jpg\" alt=\"\" width=\"300\" height=\"225\" srcset=\"https:\/\/archiwum.jedwabno.pl\/wp-content\/uploads\/2011\/11\/DSC04436-modified-300x225.jpg 300w, https:\/\/archiwum.jedwabno.pl\/wp-content\/uploads\/2011\/11\/DSC04436-modified.jpg 800w\" sizes=\"(max-width: 300px) 100vw, 300px\" \/><\/a><\/p>\n<p style=\"text-align: center;\">Warsztaty ceramiczne (poprowadzone przez Urszul\u0119 Poryck\u0105 ? Krawczewsk\u0105) trwa\u0142y przez kilka miesi\u0119cy i uczestniczy\u0142y w nich aktywnie zar\u00f3wno dzieci, m\u0142odzie\u017c jak i doro\u015bli.<\/p>\n<p>&nbsp;<\/p>\n<p><a href=\"https:\/\/archiwum.jedwabno.pl\/wp-content\/uploads\/2011\/11\/DSC04262-modified1.jpg\"><img decoding=\"async\" class=\"aligncenter size-medium wp-image-1654\" title=\"DSC04262 modified\" src=\"https:\/\/archiwum.jedwabno.pl\/wp-content\/uploads\/2011\/11\/DSC04262-modified1-214x300.jpg\" alt=\"\" width=\"214\" height=\"300\" srcset=\"https:\/\/archiwum.jedwabno.pl\/wp-content\/uploads\/2011\/11\/DSC04262-modified1-214x300.jpg 214w, https:\/\/archiwum.jedwabno.pl\/wp-content\/uploads\/2011\/11\/DSC04262-modified1.jpg 572w\" sizes=\"(max-width: 214px) 100vw, 214px\" \/><\/a><\/p>\n<p style=\"text-align: center;\">Warsztaty z wikliniarstwa przeprowadzi\u0142a pani Wasielewska i by\u0142y one tegoroczn\u0105 nowo\u015bci\u0105 przez co wzbudzi\u0142y wielkie zainteresowanie w\u015br\u00f3d mieszka\u0144c\u00f3w so\u0142ectwa.<\/p>\n<p><a href=\"https:\/\/archiwum.jedwabno.pl\/wp-content\/uploads\/2011\/11\/DSC04283-modified.jpg\"><img decoding=\"async\" class=\"aligncenter size-medium wp-image-1655\" title=\"DSC04283 modified\" src=\"https:\/\/archiwum.jedwabno.pl\/wp-content\/uploads\/2011\/11\/DSC04283-modified-300x225.jpg\" alt=\"\" width=\"300\" height=\"225\" srcset=\"https:\/\/archiwum.jedwabno.pl\/wp-content\/uploads\/2011\/11\/DSC04283-modified-300x225.jpg 300w, https:\/\/archiwum.jedwabno.pl\/wp-content\/uploads\/2011\/11\/DSC04283-modified.jpg 800w\" sizes=\"(max-width: 300px) 100vw, 300px\" \/><\/a><\/p>\n<p style=\"text-align: center;\">Zaj\u0119cia odby\u0142y si\u0119 w Wiosce Garncarskiej w Kamionce, w Pracowni Plastycznej i Pracowni Ceramiki Szlachetnej Aleksandry Krawczewskiej w Kocie.<\/p>\n<p><a href=\"https:\/\/archiwum.jedwabno.pl\/wp-content\/uploads\/2011\/11\/42751798_dscn3067-modified.jpg\"><img decoding=\"async\" class=\"aligncenter size-medium wp-image-1656\" title=\"42751798_dscn3067 modified\" src=\"https:\/\/archiwum.jedwabno.pl\/wp-content\/uploads\/2011\/11\/42751798_dscn3067-modified-300x225.jpg\" alt=\"\" width=\"300\" height=\"225\" srcset=\"https:\/\/archiwum.jedwabno.pl\/wp-content\/uploads\/2011\/11\/42751798_dscn3067-modified-300x225.jpg 300w, https:\/\/archiwum.jedwabno.pl\/wp-content\/uploads\/2011\/11\/42751798_dscn3067-modified.jpg 800w\" sizes=\"(max-width: 300px) 100vw, 300px\" \/><\/a><\/p>\n<p style=\"text-align: center;\">Prace dzieci &#8211; KOTY<\/p>\n<p><a href=\"https:\/\/archiwum.jedwabno.pl\/wp-content\/uploads\/2011\/11\/Kopia-DSCF0225-modified.jpg\"><img decoding=\"async\" class=\"aligncenter size-thumbnail wp-image-1667\" title=\"Kopia DSCF0225 modified\" src=\"https:\/\/archiwum.jedwabno.pl\/wp-content\/uploads\/2011\/11\/Kopia-DSCF0225-modified-290x290.jpg\" alt=\"\" width=\"290\" height=\"290\" srcset=\"https:\/\/archiwum.jedwabno.pl\/wp-content\/uploads\/2011\/11\/Kopia-DSCF0225-modified-50x50.jpg 50w, https:\/\/archiwum.jedwabno.pl\/wp-content\/uploads\/2011\/11\/Kopia-DSCF0225-modified-290x290.jpg 290w\" sizes=\"(max-width: 290px) 100vw, 290px\" \/><\/a><\/p>\n<p>Tekst oraz zdj\u0119cia: Aleksandra Krawczewska<\/p>\n<p>&nbsp;<\/p>\n<p>&nbsp;<\/p>\n<p>&nbsp;<\/p>\n","protected":false},"excerpt":{"rendered":"<p>Stowarzyszenie Kotowskie Centrum Aktywno\u015bci Lokalnej ?Omulew? zrealizowa\u0142o w 2011 roku  [&#8230;]<\/p>\n","protected":false},"author":55,"featured_media":1668,"comment_status":"closed","ping_status":"open","sticky":false,"template":"","format":"standard","meta":{"ngg_post_thumbnail":0,"footnotes":""},"categories":[1],"tags":[],"class_list":["post-1646","post","type-post","status-publish","format-standard","has-post-thumbnail","hentry","category-wiadomosci"],"_links":{"self":[{"href":"https:\/\/archiwum.jedwabno.pl\/jdbn_json_endpoint\/wp\/v2\/posts\/1646","targetHints":{"allow":["GET"]}}],"collection":[{"href":"https:\/\/archiwum.jedwabno.pl\/jdbn_json_endpoint\/wp\/v2\/posts"}],"about":[{"href":"https:\/\/archiwum.jedwabno.pl\/jdbn_json_endpoint\/wp\/v2\/types\/post"}],"author":[{"embeddable":true,"href":"https:\/\/archiwum.jedwabno.pl\/jdbn_json_endpoint\/wp\/v2\/users\/55"}],"replies":[{"embeddable":true,"href":"https:\/\/archiwum.jedwabno.pl\/jdbn_json_endpoint\/wp\/v2\/comments?post=1646"}],"version-history":[{"count":0,"href":"https:\/\/archiwum.jedwabno.pl\/jdbn_json_endpoint\/wp\/v2\/posts\/1646\/revisions"}],"wp:featuredmedia":[{"embeddable":true,"href":"https:\/\/archiwum.jedwabno.pl\/jdbn_json_endpoint\/wp\/v2\/media\/1668"}],"wp:attachment":[{"href":"https:\/\/archiwum.jedwabno.pl\/jdbn_json_endpoint\/wp\/v2\/media?parent=1646"}],"wp:term":[{"taxonomy":"category","embeddable":true,"href":"https:\/\/archiwum.jedwabno.pl\/jdbn_json_endpoint\/wp\/v2\/categories?post=1646"},{"taxonomy":"post_tag","embeddable":true,"href":"https:\/\/archiwum.jedwabno.pl\/jdbn_json_endpoint\/wp\/v2\/tags?post=1646"}],"curies":[{"name":"wp","href":"https:\/\/api.w.org\/{rel}","templated":true}]}}