{"id":1617,"date":"2011-11-29T12:47:49","date_gmt":"2011-11-29T12:47:49","guid":{"rendered":"https:\/\/www.jedwabno.pl\/?p=1617"},"modified":"2011-11-29T12:55:15","modified_gmt":"2011-11-29T12:55:15","slug":"festiwal-nalewek-i-dobrego-jedzenia-narty-26-11-2011-rok","status":"publish","type":"post","link":"https:\/\/archiwum.jedwabno.pl\/1617\/festiwal-nalewek-i-dobrego-jedzenia-narty-26-11-2011-rok","title":{"rendered":"Festiwal nalewek i dobrego jedzenia, Narty 26.11.2011 rok"},"content":{"rendered":"<p class=\"MsoNormal\" style=\"text-align: justify; line-height: 150%;\">W dniu 26.11.2011 roku w \u015bwietlicy wiejskiej &#8222;Promyczek&#8221; w Nartach odby\u0142 si\u0119 &#8222;Festiwal nalewek i dobrego jedzenia&#8221;. Organizatorami niniejszej imprezy byli: Rada So\u0142ecka Narty oraz Stowarzyszenie Rozwoju i Promocji Miejscowo\u015bci Narty. Wiecz\u00f3r ten by\u0142 pe\u0142en atrakcji, a mianowicie by\u0142a wr\u00f3\u017cka, kt\u00f3ra przepowiada\u0142a uczestnikom zabawy uroki i niespodzianki nadchodz\u0105cego roku 2012, konkursy, zabawy, karaoke,\u00a0 degustacja potraw oraz loteria fantowa, w kt\u00f3rej do wygrania by\u0142 obraz autorstwa Janusza G\u0119bczy\u0144skiego &#8211; so\u0142tysa z Nart. Festiwal otworzy\u0142a grupa \u00a0&#8222;Flamme&#8221; &#8211; Teatr\u00a0 Ognia z Witowa, a swoim wyst\u0119pem wokalnym umili\u0142 go Wies\u0142aw Rzeszotarski.\u00a0 G\u0142\u00f3wnym punktem festiwalu by\u0142a prezentacja i degustacja produkt\u00f3w kolekcjonerskich lokalnych gospody\u0144, czyli konkurs &#8222;Najlepsza Nalewka 2011&#8221;. Wygra\u0142a go Brygida Pawelczyk z Nart, tak\u017ce ubieg\u0142oroczna zwyci\u0119\u017cczyni tego konkursu. Specjalne\u00a0 wyr\u00f3\u017cnienie otrzyma\u0142a El\u017cbieta Podbilska, kt\u00f3rej nalewka otrzyma\u0142a jeden g\u0142os mniej ni\u017c nalewka laureatki. Jak zapowiedzieli organizatorzy ?Festiwal nalewek i dobrego jedzenia? wpisa\u0142 si\u0119 ju\u017c na sta\u0142e w kalendarz imprez so\u0142ectwa Narty ? Warcha\u0142y.<\/p>\n<p class=\"MsoNormal\" style=\"text-align: justify; line-height: 150%;\">ngg_shortcode_0_placeholder<\/p>\n<p class=\"MsoNormal\" style=\"text-align: justify; line-height: 150%;\">Zdj\u0119cia: Izabela W\u0142odkowska, El\u017cbieta Mi\u015bcierewicz &#8211; Otulakowska<\/p>\n","protected":false},"excerpt":{"rendered":"<p>W dniu 26.11.2011 roku w \u015bwietlicy wiejskiej &#8222;Promyczek&#8221; w Nartach  [&#8230;]<\/p>\n","protected":false},"author":55,"featured_media":1623,"comment_status":"closed","ping_status":"open","sticky":false,"template":"","format":"standard","meta":{"ngg_post_thumbnail":0,"footnotes":""},"categories":[1],"tags":[],"class_list":["post-1617","post","type-post","status-publish","format-standard","has-post-thumbnail","hentry","category-wiadomosci"],"_links":{"self":[{"href":"https:\/\/archiwum.jedwabno.pl\/jdbn_json_endpoint\/wp\/v2\/posts\/1617","targetHints":{"allow":["GET"]}}],"collection":[{"href":"https:\/\/archiwum.jedwabno.pl\/jdbn_json_endpoint\/wp\/v2\/posts"}],"about":[{"href":"https:\/\/archiwum.jedwabno.pl\/jdbn_json_endpoint\/wp\/v2\/types\/post"}],"author":[{"embeddable":true,"href":"https:\/\/archiwum.jedwabno.pl\/jdbn_json_endpoint\/wp\/v2\/users\/55"}],"replies":[{"embeddable":true,"href":"https:\/\/archiwum.jedwabno.pl\/jdbn_json_endpoint\/wp\/v2\/comments?post=1617"}],"version-history":[{"count":0,"href":"https:\/\/archiwum.jedwabno.pl\/jdbn_json_endpoint\/wp\/v2\/posts\/1617\/revisions"}],"wp:featuredmedia":[{"embeddable":true,"href":"https:\/\/archiwum.jedwabno.pl\/jdbn_json_endpoint\/wp\/v2\/media\/1623"}],"wp:attachment":[{"href":"https:\/\/archiwum.jedwabno.pl\/jdbn_json_endpoint\/wp\/v2\/media?parent=1617"}],"wp:term":[{"taxonomy":"category","embeddable":true,"href":"https:\/\/archiwum.jedwabno.pl\/jdbn_json_endpoint\/wp\/v2\/categories?post=1617"},{"taxonomy":"post_tag","embeddable":true,"href":"https:\/\/archiwum.jedwabno.pl\/jdbn_json_endpoint\/wp\/v2\/tags?post=1617"}],"curies":[{"name":"wp","href":"https:\/\/api.w.org\/{rel}","templated":true}]}}