{"id":1561,"date":"2011-11-21T21:57:43","date_gmt":"2011-11-21T21:57:43","guid":{"rendered":"https:\/\/www.jedwabno.pl\/?p=1561"},"modified":"2011-11-24T09:09:27","modified_gmt":"2011-11-24T09:09:27","slug":"bo-wolnosc-krzyzami-sie-mierzy-montaz-slowno-muzyczny-z-okazji-swieta-niepodleglosci-18-11-2011-rok","status":"publish","type":"post","link":"https:\/\/archiwum.jedwabno.pl\/1561\/bo-wolnosc-krzyzami-sie-mierzy-montaz-slowno-muzyczny-z-okazji-swieta-niepodleglosci-18-11-2011-rok","title":{"rendered":"&#8222;BO WOLNO\u015a\u0106 KRZY\u017bAMI SI\u0118 MIERZY&#8221; monta\u017c s\u0142owno &#8211; muzyczny z okazji \u015awi\u0119ta Niepodleg\u0142o\u015bci, 18.11.2011 rok"},"content":{"rendered":"<p>W dniu 18.11.2011 roku w budynku szko\u0142y w Jedwabnie odby\u0142o si\u0119 spotkanie z okazji \u015awi\u0119ta Niepodleg\u0142o\u015bci pn.\u00a0 &#8222;&#8230;bo Wolno\u015b\u0107\u00a0 Krzy\u017cami si\u0119 mierzy&#8230;&#8221;. Zaprezentowany monta\u017c s\u0142owno &#8211; muzyczny zosta\u0142 przygotowany przez Ann\u0119 Malinowsk\u0105 oraz Barbar\u0119 Palmowsk\u0105, a udzia\u0142 w nim wzi\u0119li uczniowie Zespo\u0142u Szk\u00f3\u0142 w Jedwabnie.<\/p>\n<p>&nbsp;<\/p>\n<p style=\"text-align: center;\"><em>W niniejszej uroczysto\u015bci uczestniczyli:<\/em><\/p>\n<p style=\"text-align: center;\">Spo\u0142eczno\u015b\u0107 Gminy Jedwabno<\/p>\n<p style=\"text-align: center;\">W\u0142adze Gminy Jedwabno<\/p>\n<p style=\"text-align: center;\">Dyrekcja Zespo\u0142u Szk\u00f3\u0142 w Jedwabnie<\/p>\n<p style=\"text-align: center;\">Grono Pedagogiczne<\/p>\n<p style=\"text-align: center;\">Spo\u0142eczno\u015b\u0107 Uczniowska<\/p>\n<p style=\"text-align: center;\">\n<p>&nbsp;<\/p>\n<p>&nbsp;<\/p>\nngg_shortcode_0_placeholder\n<p>Zdj\u0119cia: Mariusz Dobrzy\u0144ski, Izabela W\u0142odkowska<\/p>\n","protected":false},"excerpt":{"rendered":"<p>W dniu 18.11.2011 roku w budynku szko\u0142y w Jedwabnie odby\u0142o  [&#8230;]<\/p>\n","protected":false},"author":55,"featured_media":1566,"comment_status":"closed","ping_status":"open","sticky":false,"template":"","format":"standard","meta":{"ngg_post_thumbnail":0,"footnotes":""},"categories":[1],"tags":[],"class_list":["post-1561","post","type-post","status-publish","format-standard","has-post-thumbnail","hentry","category-wiadomosci"],"_links":{"self":[{"href":"https:\/\/archiwum.jedwabno.pl\/jdbn_json_endpoint\/wp\/v2\/posts\/1561","targetHints":{"allow":["GET"]}}],"collection":[{"href":"https:\/\/archiwum.jedwabno.pl\/jdbn_json_endpoint\/wp\/v2\/posts"}],"about":[{"href":"https:\/\/archiwum.jedwabno.pl\/jdbn_json_endpoint\/wp\/v2\/types\/post"}],"author":[{"embeddable":true,"href":"https:\/\/archiwum.jedwabno.pl\/jdbn_json_endpoint\/wp\/v2\/users\/55"}],"replies":[{"embeddable":true,"href":"https:\/\/archiwum.jedwabno.pl\/jdbn_json_endpoint\/wp\/v2\/comments?post=1561"}],"version-history":[{"count":0,"href":"https:\/\/archiwum.jedwabno.pl\/jdbn_json_endpoint\/wp\/v2\/posts\/1561\/revisions"}],"wp:featuredmedia":[{"embeddable":true,"href":"https:\/\/archiwum.jedwabno.pl\/jdbn_json_endpoint\/wp\/v2\/media\/1566"}],"wp:attachment":[{"href":"https:\/\/archiwum.jedwabno.pl\/jdbn_json_endpoint\/wp\/v2\/media?parent=1561"}],"wp:term":[{"taxonomy":"category","embeddable":true,"href":"https:\/\/archiwum.jedwabno.pl\/jdbn_json_endpoint\/wp\/v2\/categories?post=1561"},{"taxonomy":"post_tag","embeddable":true,"href":"https:\/\/archiwum.jedwabno.pl\/jdbn_json_endpoint\/wp\/v2\/tags?post=1561"}],"curies":[{"name":"wp","href":"https:\/\/api.w.org\/{rel}","templated":true}]}}