{"id":1522,"date":"2011-11-15T12:25:29","date_gmt":"2011-11-15T12:25:29","guid":{"rendered":"https:\/\/www.jedwabno.pl\/?p=1522"},"modified":"2011-11-24T09:12:41","modified_gmt":"2011-11-24T09:12:41","slug":"konkurs-piesni-patriotycznej-jedwabno-10-11-2011r","status":"publish","type":"post","link":"https:\/\/archiwum.jedwabno.pl\/1522\/konkurs-piesni-patriotycznej-jedwabno-10-11-2011r","title":{"rendered":"Konkurs Pie\u015bni Patriotycznej, Jedwabno 10.11.2011r."},"content":{"rendered":"<p class=\"MsoNormal\" style=\"line-height: 150%; text-align: center;\"><strong>Obchody Narodowego \u015awi\u0119ta Niepodleg\u0142o\u015bci<\/strong><\/p>\n<p class=\"MsoNormal\" style=\"line-height: 150%;\">W dniu 10.11.2011 roku w Gminnym O\u015brodku Kultury w Jedwabnie odby\u0142a si\u0119 uroczysto\u015b\u0107 upami\u0119tniaj\u0105ca rocznic\u0119 odzyskania przez Nar\u00f3d Polski niepodleg\u0142ego bytu pa\u0144stwowego ? 11 listopada 1918 rok.<\/p>\n<p class=\"MsoNormal\" style=\"line-height: 150%;\">Swoje umiej\u0119tno\u015bci zaprezentowali \u00a0uczniowie szk\u00f3\u0142 podstawowych, gimnazjalnych i ponadgimnazjalnych z gminy Jedwabno oraz zaproszeni go\u015bcie \u00a0z Fundacji na Rzecz Wspierania Rozwoju Kreatywno\u015bci oraz Rozwoju Tw\u00f3rczo\u015bci Dzieci, M\u0142odzie\u017cy i Doros\u0142ych Kreolia &#8211; Kraina Kreatywno\u015bci z Jerutek.<\/p>\n<p class=\"MsoNormal\" style=\"line-height: 150%;\"><span style=\"mso-tab-count: 1;\">\u00a0\u00a0\u00a0\u00a0\u00a0\u00a0\u00a0\u00a0\u00a0\u00a0\u00a0 <\/span>Uroczysto\u015b\u0107 rozpocz\u0105\u0142 taniec z flag\u0105, wykonany przez dzieci: Sandr\u0119 Brzozowsk\u0105, Juli\u0119 Dunajsk\u0105, Malwin\u0119 Jankowsk\u0105, Juli\u0119 Stempel. Nast\u0119pnie przybyli go\u015bcie wys\u0142uchali lekcji historii zaprezentowanej przez uczennice Zespo\u0142u Szk\u00f3\u0142 w Jedwabnie pod opiek\u0105 Anny Malinowskiej. Plastyczn\u0105 opraw\u0119 uroczysto\u015bci wykona\u0142a Joanna Wi\u015bniewska.<\/p>\n<p class=\"MsoNormal\" style=\"line-height: 150%; text-align: center;\">Jury w sk\u0142adzie: Szczepan Worobiej oraz Andrzej Materna wy\u0142onili nast\u0119puj\u0105cych laureat\u00f3w:<\/p>\n<p class=\"MsoNormal\" style=\"line-height: 150%;\"><em><strong>Kategoria I ? Ch\u00f3r:<\/strong><\/em><\/p>\n<p class=\"MsoNormal\" style=\"line-height: 150%;\">Zesp\u00f3\u0142 wokalno -instrumentalny ?Forte? dzia\u0142aj\u0105cy przy Zespole Szk\u00f3\u0142 w Jedwabnie, prowadzony przez Ew\u0119 Przychodzk\u0105.<\/p>\n<p class=\"MsoNormal\" style=\"line-height: 150%;\">Swoje umiej\u0119tno\u015bci wokalne, poza konkursem,\u00a0 zaprezentowa\u0142 przedszkolak z Jedwabna \u00a0Leszek Jankiewicz.<\/p>\n<p class=\"MsoNormal\" style=\"line-height: 150%;\"><em><strong>Kategoria II ? Klasy I-III Szko\u0142y Podstawowej:<\/strong><\/em><\/p>\n<p class=\"MsoNormal\" style=\"line-height: 150%;\">I miejsce: Emilia Spanialska (Kreolia Jerutki), wykona\u0142a utw\u00f3r ?Przybyli U\u0142ani?;<\/p>\n<p class=\"MsoNormal\" style=\"line-height: 150%;\">II miejsce: Aleksandra Gromek (GOK Jedwabno), wykona\u0142a utw\u00f3r ?Pa\u0142acyk Michla?;<\/p>\n<p class=\"MsoNormal\" style=\"line-height: 150%;\">III miejsce: Maria Deptu\u0142a (Nowy Dw\u00f3r), wykona\u0142a utw\u00f3r ?Przybyli U\u0142ani?;<\/p>\n<p class=\"MsoNormal\" style=\"line-height: 150%;\"><em><strong>Kategoria III ? Klasy IV-VI Szko\u0142y Podstawowej:<\/strong><\/em><\/p>\n<p class=\"MsoNormal\" style=\"line-height: 150%;\">I miejsce przypad\u0142o dw\u00f3m uczestniczkom: Martynie B\u0105czek (GOK Jedwabno), wykona\u0142a utw\u00f3r ?Niepodleg\u0142o\u015b\u0107? oraz Natalii Rzepka (Kreolia Jerutki), wykona\u0142a utw\u00f3r ?Niepodleg\u0142o\u015b\u0107?;<\/p>\n<p class=\"MsoNormal\" style=\"line-height: 150%;\">II miejsce: Karolina Gronowska (Kreolia Jerutki) wykona\u0142a utw\u00f3r ?Tylko mi Ciebie mamo, tylko mi Polski \u017cal?;<\/p>\n<p class=\"MsoNormal\" style=\"line-height: 150%;\">III miejsce: Kornelia Kobyli\u0144ska (SP 6 Szczytno)<\/p>\n<p class=\"MsoNormal\" style=\"line-height: 150%;\"><em><strong>Kategoria IV- klasy gimnazjalne:<\/strong><\/em><\/p>\n<p class=\"MsoNormal\" style=\"line-height: 150%;\">I miejsce: Aleksandra Lubowiecka (GOK Jedwabno), wykona\u0142a utw\u00f3r ?Rozkwita\u0142y p\u0105ki bia\u0142ych r\u00f3\u017c?;<\/p>\n<p class=\"MsoNormal\" style=\"line-height: 150%;\">II miejsce: Ewelina Niska (Kreolia Jerutki) wykona\u0142a utw\u00f3r ?\u017beby Polska??;<\/p>\n<p class=\"MsoNormal\" style=\"line-height: 150%;\">III miejsce: Natalia Kakowska (GOK Jedwabno), wykona\u0142a utw\u00f3r ?Bia\u0142y krzy\u017c?.<\/p>\n<p class=\"MsoNormal\" style=\"line-height: 150%;\"><em><strong>Kategoria V ? szko\u0142y ponadgimnazjalne:<\/strong><\/em><\/p>\n<p class=\"MsoNormal\" style=\"line-height: 150%;\">I miejsce: Martyna Dabkowska (Jerutki), wykona\u0142a utw\u00f3r ?Warszawo ma? przy akompaniamencie Joanny Gawryszewskiej.<\/p>\n<p class=\"MsoNormal\" style=\"line-height: 150%;\">Laureaci i wyr\u00f3\u017cnieni otrzymali ksi\u0105\u017cki o tematyce historycznej oraz dyplomy.<\/p>\n<p class=\"MsoNormal\" style=\"line-height: 150%;\">\n<p style=\"text-align: center;\"><em>W niniejszej uroczysto\u015bci uczestniczyli:<\/em><\/p>\n<p class=\"MsoNormal\" style=\"text-align: center;\">Spo\u0142eczno\u015b\u0107<span style=\"mso-spacerun: yes;\"> Gminy Jedwabno<\/span><\/p>\n<p class=\"MsoNormal\" style=\"text-align: center;\"><span style=\"mso-spacerun: yes;\">W\u0142adze Gminy Jedwabno<\/span><\/p>\n<p class=\"MsoNormal\" style=\"text-align: center;\"><span style=\"mso-spacerun: yes;\">Dyrekcja Zespo\u0142u Szk\u00f3\u0142 w Jedwabnie\u00a0<\/span><\/p>\n<p style=\"text-align: center;\">Opiekunowie wyst\u0119puj\u0105cych artyst\u00f3w: Joanna Gawryszewska, Gra\u017cyna Szczepanek, Mariola Kusmierczyk<\/p>\n<p>&nbsp;<\/p>\nngg_shortcode_0_placeholder\n","protected":false},"excerpt":{"rendered":"<p>Obchody Narodowego \u015awi\u0119ta Niepodleg\u0142o\u015bci W dniu 10.11.2011 roku w Gminnym  [&#8230;]<\/p>\n","protected":false},"author":55,"featured_media":1527,"comment_status":"closed","ping_status":"open","sticky":false,"template":"","format":"standard","meta":{"ngg_post_thumbnail":0,"footnotes":""},"categories":[1],"tags":[],"class_list":["post-1522","post","type-post","status-publish","format-standard","has-post-thumbnail","hentry","category-wiadomosci"],"_links":{"self":[{"href":"https:\/\/archiwum.jedwabno.pl\/jdbn_json_endpoint\/wp\/v2\/posts\/1522","targetHints":{"allow":["GET"]}}],"collection":[{"href":"https:\/\/archiwum.jedwabno.pl\/jdbn_json_endpoint\/wp\/v2\/posts"}],"about":[{"href":"https:\/\/archiwum.jedwabno.pl\/jdbn_json_endpoint\/wp\/v2\/types\/post"}],"author":[{"embeddable":true,"href":"https:\/\/archiwum.jedwabno.pl\/jdbn_json_endpoint\/wp\/v2\/users\/55"}],"replies":[{"embeddable":true,"href":"https:\/\/archiwum.jedwabno.pl\/jdbn_json_endpoint\/wp\/v2\/comments?post=1522"}],"version-history":[{"count":0,"href":"https:\/\/archiwum.jedwabno.pl\/jdbn_json_endpoint\/wp\/v2\/posts\/1522\/revisions"}],"wp:featuredmedia":[{"embeddable":true,"href":"https:\/\/archiwum.jedwabno.pl\/jdbn_json_endpoint\/wp\/v2\/media\/1527"}],"wp:attachment":[{"href":"https:\/\/archiwum.jedwabno.pl\/jdbn_json_endpoint\/wp\/v2\/media?parent=1522"}],"wp:term":[{"taxonomy":"category","embeddable":true,"href":"https:\/\/archiwum.jedwabno.pl\/jdbn_json_endpoint\/wp\/v2\/categories?post=1522"},{"taxonomy":"post_tag","embeddable":true,"href":"https:\/\/archiwum.jedwabno.pl\/jdbn_json_endpoint\/wp\/v2\/tags?post=1522"}],"curies":[{"name":"wp","href":"https:\/\/api.w.org\/{rel}","templated":true}]}}