{"id":1403,"date":"2011-10-20T08:13:53","date_gmt":"2011-10-20T08:13:53","guid":{"rendered":"https:\/\/www.jedwabno.pl\/?p=1403"},"modified":"2011-10-28T08:46:52","modified_gmt":"2011-10-28T08:46:52","slug":"swieto-ziemniaka-nowy-dwor-19-10-2011","status":"publish","type":"post","link":"https:\/\/archiwum.jedwabno.pl\/1403\/swieto-ziemniaka-nowy-dwor-19-10-2011","title":{"rendered":"\u015awi\u0119to ziemniaka, Nowy Dw\u00f3r 19.10.2011"},"content":{"rendered":"<p style=\"text-align: center;\"><strong>W dniu 19.10.2011 w \u015bwietlicy wiejskiej w Nowym Dworze odby\u0142o si\u0119 &#8222;\u015bwi\u0119to ziemniaka&#8221;. \u00a0<\/strong><\/p>\n<p>Uczestnikami tej zabawy by\u0142y dzieci. Organizatorzy zadbali o wiele ciekawych atrakcji.\u00a0 Ogromnym zainteresowaniem dzieci cieszy\u0142y si\u0119 konkursy takie jak: przenoszenie ziemniak\u00f3w czy biegi w workach, kt\u00f3re zosta\u0142y poprowadzone przez Katarzyn\u0119 \u017bebrowsk\u0105. Dzieci \u00a0wykona\u0142y prace plastyczne piecz\u0105tkami z ziemniak\u00f3w w ramach zaj\u0119\u0107 prowadzonych przez Domink\u0119 Wyszy\u0144sk\u0105. Nie zabrak\u0142o, tak\u017ce potrawy z ziemniak\u00f3w tj. plack\u00f3w ziemniaczanych, kt\u00f3re na bie\u017c\u0105co przygotowywa\u0142a dzieciom so\u0142tys wsi Danuta Trzci\u0144ska. W opinii dzieci by\u0142o to bardzo smaczne i tw\u00f3rcze \u015bwi\u0119to.<\/p>\n<p>&nbsp;<\/p>\nngg_shortcode_0_placeholder\n<p>&nbsp;<\/p>\n<p>Zdj\u0119cia:\u00a0 Izabela W\u0142odkowska<\/p>\n<p>&nbsp;<\/p>\n<p>&nbsp;<\/p>\n","protected":false},"excerpt":{"rendered":"<p>W dniu 19.10.2011 w \u015bwietlicy wiejskiej w Nowym Dworze odby\u0142o  [&#8230;]<\/p>\n","protected":false},"author":55,"featured_media":1407,"comment_status":"closed","ping_status":"open","sticky":false,"template":"","format":"standard","meta":{"ngg_post_thumbnail":0,"footnotes":""},"categories":[1],"tags":[],"class_list":["post-1403","post","type-post","status-publish","format-standard","has-post-thumbnail","hentry","category-wiadomosci"],"_links":{"self":[{"href":"https:\/\/archiwum.jedwabno.pl\/jdbn_json_endpoint\/wp\/v2\/posts\/1403","targetHints":{"allow":["GET"]}}],"collection":[{"href":"https:\/\/archiwum.jedwabno.pl\/jdbn_json_endpoint\/wp\/v2\/posts"}],"about":[{"href":"https:\/\/archiwum.jedwabno.pl\/jdbn_json_endpoint\/wp\/v2\/types\/post"}],"author":[{"embeddable":true,"href":"https:\/\/archiwum.jedwabno.pl\/jdbn_json_endpoint\/wp\/v2\/users\/55"}],"replies":[{"embeddable":true,"href":"https:\/\/archiwum.jedwabno.pl\/jdbn_json_endpoint\/wp\/v2\/comments?post=1403"}],"version-history":[{"count":0,"href":"https:\/\/archiwum.jedwabno.pl\/jdbn_json_endpoint\/wp\/v2\/posts\/1403\/revisions"}],"wp:featuredmedia":[{"embeddable":true,"href":"https:\/\/archiwum.jedwabno.pl\/jdbn_json_endpoint\/wp\/v2\/media\/1407"}],"wp:attachment":[{"href":"https:\/\/archiwum.jedwabno.pl\/jdbn_json_endpoint\/wp\/v2\/media?parent=1403"}],"wp:term":[{"taxonomy":"category","embeddable":true,"href":"https:\/\/archiwum.jedwabno.pl\/jdbn_json_endpoint\/wp\/v2\/categories?post=1403"},{"taxonomy":"post_tag","embeddable":true,"href":"https:\/\/archiwum.jedwabno.pl\/jdbn_json_endpoint\/wp\/v2\/tags?post=1403"}],"curies":[{"name":"wp","href":"https:\/\/api.w.org\/{rel}","templated":true}]}}