{"id":1377,"date":"2011-10-19T11:06:24","date_gmt":"2011-10-19T11:06:24","guid":{"rendered":"https:\/\/www.jedwabno.pl\/?p=1377"},"modified":"2011-10-28T08:48:58","modified_gmt":"2011-10-28T08:48:58","slug":"pasowanie-na-ucznia-klas-i-szkoly-podstawowej-jedwabno-14-10-2011","status":"publish","type":"post","link":"https:\/\/archiwum.jedwabno.pl\/1377\/pasowanie-na-ucznia-klas-i-szkoly-podstawowej-jedwabno-14-10-2011","title":{"rendered":"Pasowanie na ucznia klas I szko\u0142y podstawowej, Jedwabno 14.10.2011"},"content":{"rendered":"<p style=\"text-align: center;\">W dniu 14.10.2011 roku w Gminnym O\u015brodku Kultury w Jedwabnie odby\u0142o si\u0119 uroczyste pasowanie na ucznia klas I Szko\u0142y Podstawowej w Jedwabnie.<\/p>\n<p>Rozpocz\u0119cie nauki w szkole jest wielkim prze\u017cyciem dla dziecka i jego rodziny. Uroczysto\u015b\u0107 \u015blubowania i pasowania pierwszoklasist\u00f3w na ucznia ma podkre\u015bli\u0107 jak wa\u017cne dla szko\u0142y jest to, \u017ce stali si\u0119 oni jej cz\u0119\u015bci\u0105.<\/p>\n<p>Po wyst\u0119pach artystycznych dzieci\u00a0 z klas pani Gra\u017cyny Szczepanek i Jolanty Pietruczuk, przyst\u0105piono do \u015blubowania i pasowania na ucznia pierwszoklasist\u00f3w. S\u0142owa \u015blubowania brzmia\u0142y nast\u0119puj\u0105co:<\/p>\n<p>Przyrzekamy uczy\u0107 si\u0119 pilnie.<\/p>\n<p>Przyrzekamy szanowa\u0107 wszystkich,<\/p>\n<p>kt\u00f3rzy pracuj\u0105 w szkole po to,<\/p>\n<p>aby nam by\u0142o w niej dobrze.<\/p>\n<p>B\u0119dziemy si\u0119 starali by\u0107<\/p>\n<p>dobrymi kolegami i kole\u017cankami.<\/p>\n<p>B\u0119dziemy przyjaci\u00f3\u0142mi ro\u015blin i zwierz\u0105t.<\/p>\n<p>Chcemy swoj\u0105 nauk\u0105 i zachowaniem<\/p>\n<p>sprawi\u0107 rado\u015b\u0107 rodzicom i nauczycielom<\/p>\n<p>oraz naszej Ojczy\u017anie &#8211; Polsce.<\/p>\n<p>Nast\u0119pnie odby\u0142o si\u0119 uroczyste pasowanie na ucznia, kt\u00f3rego dokona\u0142 Dyrektor Zespo\u0142u Szk\u00f3\u0142 w Jedwabnie Mariusz Dobrzy\u0144ski oraz wr\u0119czenie przez wicedyrektor El\u017cbiet\u0119 Sochack\u0105 dyplom\u00f3w i pami\u0105tek. Pod koniec uroczysto\u015bci W\u00f3jt gminy Jedwabno Krzysztof Otulakowski pogratulowa\u0142 pierwszoklasistom i \u017cyczy\u0142 im sukces\u00f3w w nauce.<\/p>\nngg_shortcode_0_placeholder\n<p>Zdj\u0119cia: Krzysztof \u00a0\u017bebrowski<\/p>\n","protected":false},"excerpt":{"rendered":"<p>W dniu 14.10.2011 roku w Gminnym O\u015brodku Kultury w Jedwabnie  [&#8230;]<\/p>\n","protected":false},"author":55,"featured_media":1380,"comment_status":"closed","ping_status":"open","sticky":false,"template":"","format":"standard","meta":{"ngg_post_thumbnail":0,"footnotes":""},"categories":[1],"tags":[],"class_list":["post-1377","post","type-post","status-publish","format-standard","has-post-thumbnail","hentry","category-wiadomosci"],"_links":{"self":[{"href":"https:\/\/archiwum.jedwabno.pl\/jdbn_json_endpoint\/wp\/v2\/posts\/1377","targetHints":{"allow":["GET"]}}],"collection":[{"href":"https:\/\/archiwum.jedwabno.pl\/jdbn_json_endpoint\/wp\/v2\/posts"}],"about":[{"href":"https:\/\/archiwum.jedwabno.pl\/jdbn_json_endpoint\/wp\/v2\/types\/post"}],"author":[{"embeddable":true,"href":"https:\/\/archiwum.jedwabno.pl\/jdbn_json_endpoint\/wp\/v2\/users\/55"}],"replies":[{"embeddable":true,"href":"https:\/\/archiwum.jedwabno.pl\/jdbn_json_endpoint\/wp\/v2\/comments?post=1377"}],"version-history":[{"count":0,"href":"https:\/\/archiwum.jedwabno.pl\/jdbn_json_endpoint\/wp\/v2\/posts\/1377\/revisions"}],"wp:featuredmedia":[{"embeddable":true,"href":"https:\/\/archiwum.jedwabno.pl\/jdbn_json_endpoint\/wp\/v2\/media\/1380"}],"wp:attachment":[{"href":"https:\/\/archiwum.jedwabno.pl\/jdbn_json_endpoint\/wp\/v2\/media?parent=1377"}],"wp:term":[{"taxonomy":"category","embeddable":true,"href":"https:\/\/archiwum.jedwabno.pl\/jdbn_json_endpoint\/wp\/v2\/categories?post=1377"},{"taxonomy":"post_tag","embeddable":true,"href":"https:\/\/archiwum.jedwabno.pl\/jdbn_json_endpoint\/wp\/v2\/tags?post=1377"}],"curies":[{"name":"wp","href":"https:\/\/api.w.org\/{rel}","templated":true}]}}