{"id":1204,"date":"2011-09-28T08:20:27","date_gmt":"2011-09-28T08:20:27","guid":{"rendered":"https:\/\/www.jedwabno.pl\/?p=1204"},"modified":"2011-10-12T08:02:02","modified_gmt":"2011-10-12T08:02:02","slug":"swieto-omulwi-2011-szuc-18-09-2011-2","status":"publish","type":"post","link":"https:\/\/archiwum.jedwabno.pl\/1204\/swieto-omulwi-2011-szuc-18-09-2011-2","title":{"rendered":"\u015awi\u0119to Omulwi 2011, Szu\u0107 18.09.2011"},"content":{"rendered":"<p>W niedziel\u0119 18.09.2011 roku Nadle\u015bnictwo Jedwabno i OSP Szu\u0107 zorganizowa\u0142o &#8222;\u015awi\u0119to Omulwi 2011&#8221;. Imprez\u0119 wspar\u0142 dotacj\u0105 Wojew\u00f3dzki Fundusz Ochrony \u015arodowiska i Gospodarki Wodnej w Olsztynie w ramach projektu ?Chro\u0144my nasz\u0105 Omulew?. Ekologiczna akcja mia\u0142a na celu oczyszczenie rzeki Omulew i tym sposobem wy\u0142owiono 500 kilogram\u00f3w \u015bmieci. 16 dwuosobowych za\u0142\u00f3g kajakowych podj\u0119\u0142a si\u0119 sprz\u0105tania Omulwi. Z wyznaczonych punkt\u00f3w pe\u0142ne worki\u00a0 \u015bmieci by\u0142y odbierane przez traktor z przyczep\u0105 Nadle\u015bnictwa Jedwabno, a puste worki w wyznaczone miejsca dostarcza\u0142a OSP Szu\u0107. Obs\u0142ug\u0105 techniczn\u0105 sp\u0142ywu zajeli si\u0119 \u00a0stra\u017cacy oraz le\u015bnicy. Ju\u017c tereaz organizatorzy zapowiadaja powt\u00f3rzenie akcji.<\/p>\n<p>&nbsp;<\/p>\nngg_shortcode_0_placeholder\n","protected":false},"excerpt":{"rendered":"<p>W niedziel\u0119 18.09.2011 roku Nadle\u015bnictwo Jedwabno i OSP Szu\u0107 zorganizowa\u0142o  [&#8230;]<\/p>\n","protected":false},"author":55,"featured_media":1236,"comment_status":"closed","ping_status":"open","sticky":false,"template":"","format":"standard","meta":{"ngg_post_thumbnail":0,"footnotes":""},"categories":[1],"tags":[],"class_list":["post-1204","post","type-post","status-publish","format-standard","has-post-thumbnail","hentry","category-wiadomosci"],"_links":{"self":[{"href":"https:\/\/archiwum.jedwabno.pl\/jdbn_json_endpoint\/wp\/v2\/posts\/1204","targetHints":{"allow":["GET"]}}],"collection":[{"href":"https:\/\/archiwum.jedwabno.pl\/jdbn_json_endpoint\/wp\/v2\/posts"}],"about":[{"href":"https:\/\/archiwum.jedwabno.pl\/jdbn_json_endpoint\/wp\/v2\/types\/post"}],"author":[{"embeddable":true,"href":"https:\/\/archiwum.jedwabno.pl\/jdbn_json_endpoint\/wp\/v2\/users\/55"}],"replies":[{"embeddable":true,"href":"https:\/\/archiwum.jedwabno.pl\/jdbn_json_endpoint\/wp\/v2\/comments?post=1204"}],"version-history":[{"count":0,"href":"https:\/\/archiwum.jedwabno.pl\/jdbn_json_endpoint\/wp\/v2\/posts\/1204\/revisions"}],"wp:featuredmedia":[{"embeddable":true,"href":"https:\/\/archiwum.jedwabno.pl\/jdbn_json_endpoint\/wp\/v2\/media\/1236"}],"wp:attachment":[{"href":"https:\/\/archiwum.jedwabno.pl\/jdbn_json_endpoint\/wp\/v2\/media?parent=1204"}],"wp:term":[{"taxonomy":"category","embeddable":true,"href":"https:\/\/archiwum.jedwabno.pl\/jdbn_json_endpoint\/wp\/v2\/categories?post=1204"},{"taxonomy":"post_tag","embeddable":true,"href":"https:\/\/archiwum.jedwabno.pl\/jdbn_json_endpoint\/wp\/v2\/tags?post=1204"}],"curies":[{"name":"wp","href":"https:\/\/api.w.org\/{rel}","templated":true}]}}