{"id":1183,"date":"2011-09-23T14:10:08","date_gmt":"2011-09-23T14:10:08","guid":{"rendered":"https:\/\/www.jedwabno.pl\/?p=1183"},"modified":"2011-10-12T08:06:19","modified_gmt":"2011-10-12T08:06:19","slug":"ii-turniej-orlika-o-puchar-premiera-donalda-tuska","status":"publish","type":"post","link":"https:\/\/archiwum.jedwabno.pl\/1183\/ii-turniej-orlika-o-puchar-premiera-donalda-tuska","title":{"rendered":"II Turniej Orlika o Puchar Premiera Donalda Tuska"},"content":{"rendered":"<p style=\"text-align: center;\">W dniu 17.09.2011 (sobota) na Orliku w Jedwabnie odby\u0142 si\u0119 <em><strong>II Turniej Orlika o Puchar Premiera Donalda Tuska<\/strong><\/em>. Turniej pi\u0142ki no\u017cnej (7 osobowe dru\u017cyny) dla ch\u0142opc\u00f3w rozegrany zosta\u0142 w dw\u00f3ch kategoriach:<\/p>\n<p style=\"text-align: center;\">\u00a0I kat. \u00a010-11 lat, II kat. 12-13 lat.<\/p>\n<p style=\"text-align: center;\">Zwyci\u0119skim dru\u017cynom nagrody zostan\u0105 wr\u0119czone podczas uroczystego apelu w Zespole Szk\u00f3\u0142 w Jedwabnie.<\/p>\n<p>Instruktor sportowy: Marcin Zapadka<\/p>\n<p>S\u0119dzia: J\u00f3zef Garbowski<\/p>\n<p>Opieka medyczna: El\u017cbieta Pa\u0142asz<\/p>\n<p>&nbsp;<\/p>\nngg_shortcode_0_placeholder\n","protected":false},"excerpt":{"rendered":"<p>W dniu 17.09.2011 (sobota) na Orliku w Jedwabnie odby\u0142 si\u0119  [&#8230;]<\/p>\n","protected":false},"author":55,"featured_media":1239,"comment_status":"closed","ping_status":"open","sticky":false,"template":"","format":"standard","meta":{"ngg_post_thumbnail":0,"footnotes":""},"categories":[1],"tags":[],"class_list":["post-1183","post","type-post","status-publish","format-standard","has-post-thumbnail","hentry","category-wiadomosci"],"_links":{"self":[{"href":"https:\/\/archiwum.jedwabno.pl\/jdbn_json_endpoint\/wp\/v2\/posts\/1183","targetHints":{"allow":["GET"]}}],"collection":[{"href":"https:\/\/archiwum.jedwabno.pl\/jdbn_json_endpoint\/wp\/v2\/posts"}],"about":[{"href":"https:\/\/archiwum.jedwabno.pl\/jdbn_json_endpoint\/wp\/v2\/types\/post"}],"author":[{"embeddable":true,"href":"https:\/\/archiwum.jedwabno.pl\/jdbn_json_endpoint\/wp\/v2\/users\/55"}],"replies":[{"embeddable":true,"href":"https:\/\/archiwum.jedwabno.pl\/jdbn_json_endpoint\/wp\/v2\/comments?post=1183"}],"version-history":[{"count":0,"href":"https:\/\/archiwum.jedwabno.pl\/jdbn_json_endpoint\/wp\/v2\/posts\/1183\/revisions"}],"wp:featuredmedia":[{"embeddable":true,"href":"https:\/\/archiwum.jedwabno.pl\/jdbn_json_endpoint\/wp\/v2\/media\/1239"}],"wp:attachment":[{"href":"https:\/\/archiwum.jedwabno.pl\/jdbn_json_endpoint\/wp\/v2\/media?parent=1183"}],"wp:term":[{"taxonomy":"category","embeddable":true,"href":"https:\/\/archiwum.jedwabno.pl\/jdbn_json_endpoint\/wp\/v2\/categories?post=1183"},{"taxonomy":"post_tag","embeddable":true,"href":"https:\/\/archiwum.jedwabno.pl\/jdbn_json_endpoint\/wp\/v2\/tags?post=1183"}],"curies":[{"name":"wp","href":"https:\/\/api.w.org\/{rel}","templated":true}]}}