{"id":1173,"date":"2011-09-22T12:52:07","date_gmt":"2011-09-22T12:52:07","guid":{"rendered":"https:\/\/www.jedwabno.pl\/?p=1173"},"modified":"2011-12-19T15:22:00","modified_gmt":"2011-12-19T15:22:00","slug":"hej-mazury-jak-wy-cudne-jedwabno-21-09-2011","status":"publish","type":"post","link":"https:\/\/archiwum.jedwabno.pl\/1173\/hej-mazury-jak-wy-cudne-jedwabno-21-09-2011","title":{"rendered":"&#8222;Hej, Mazury, jak wy cudne!&#8221;, Jedwabno 21.09.2011"},"content":{"rendered":"<p class=\"MsoNormal\">W dniu 21.09.2011 roku w Gminnym O\u015brodku Kultury w Jedwabnie so\u0142ectwo Nowy Dw\u00f3r zorganizowa\u0142o spotkanie pt. ?Hej, Mazury, jak wy cudne!?. Wyj\u0105tkowymi go\u015b\u0107mi tej uroczysto\u015bci byli przedstawiciele rodzin mazurskich Gminy Jedwabno. Uroczysto\u015b\u0107 poprowadzi\u0142a Danuta Orzo\u0142ek. Natomiast Danuta Trzci\u0144ska, so\u0142tys Nowego Dworu, zapozna\u0142a przyby\u0142ych go\u015bci z rodzinami mazurskimi, kt\u00f3re pozosta\u0142y na terenie gminy Jedwabno. Oczywi\u015bcie nie zabrak\u0142o r\u00f3wnie\u017c powitania wszystkich przez w\u00f3jta gminy Jedwabno Krzysztofa Otulakowskiego, kt\u00f3ry podzi\u0119kowa\u0142 przedstawicielom rodzin mazurskich, \u017ce przybyli na spotkanie i \u017ce nie wyrzekli si\u0119 swojej mazursko\u015bci.<\/p>\n<p class=\"MsoNormal\">Nast\u0119pnym punktem spotkania by\u0142a prezentacja multimedialna wykonana w ramach projektu edukacji regionalnej ?Jedwabno w fotografii dawniej i dzi\u015b?, kt\u00f3rej autorkami s\u0105 Gra\u017cyna Szczepanek i Wanda Bojarska. Du\u017cym zainteresowaniem cieszy\u0142a sie r\u00f3wnie\u017c kronika ze zdj\u0119ciami budynk\u00f3w Jedwabna dawniej i dzi\u015b oraz prace plastyczne grupy dzieci z klas IIIa i Vb z Zespo\u0142u Szk\u00f3\u0142 w Jedwabnie.<\/p>\n<p class=\"MsoNormal\">Wielki podziw w\u015br\u00f3d zebranych wzbudzi\u0142 wyst\u0119p dzieci z ko\u0142a teatralnego ?Entliczek p\u0119tliczek? z Nowego Dworu, kt\u00f3rego opiekunem jest Katarzyna \u017bebrowska. Malutkie dzieci swoim wyst\u0119pem zachwyci\u0142y i rozczuli\u0142y wszystkich zebranych go\u015bci. W dalszej cz\u0119\u015bci artystycznej wyst\u0105pi\u0142 zesp\u00f3\u0142 wokalno -instrumentalny ?Forte? dzia\u0142aj\u0105cy przy Zespole Szk\u00f3\u0142 w Jedwabnie, a prowadzony przez Ew\u0119 Przychodzk\u0105. Wyst\u0119puj\u0105ca m\u0142odzie\u017c z pe\u0142nym profesjonalizmem pog\u0142\u0119bi\u0142a atmosfer\u0119 wspomnie\u0144 sk\u0142aniaj\u0105c do refleksji.<\/p>\n<p class=\"MsoNormal\">Uwie\u0144czeniem spotkania by\u0142a prezentacja multimedialna ukazuj\u0105ca walory przyrodniczo &#8211; krajobrazowe gminy Jedwabno oraz kr\u00f3tkie om\u00f3wienie uroczysto\u015bci i festyn\u00f3w, kt\u00f3re odby\u0142y si\u0119 na terenie gminy w tym roku zaprezentowana przez Izabel\u0119 W\u0142odkowsk\u0105 z GCI.<\/p>\n<p class=\"MsoNormal\">Gospodynie z Nowego Dworu przygotowa\u0142y na ta okazj\u0119 wiele s\u0142odkich wypiek\u00f3w, dlatego wszyscy na zako\u0144czenie spotkania mogli jeszcze podzieli\u0107 si\u0119 swoimi wra\u017ceniami i zwyczajnie porozmawia\u0107 przy kawie kosztuj\u0105c pyszne ciasta.<\/p>\n<p class=\"MsoNormal\">Szczeg\u00f3lnym go\u015bciem spotkania z rodzinami mazurskimi by\u0142 Wiceminister Edukacji Zbigniew W\u0142odkowski, kt\u00f3ry podkre\u015bli\u0142 istotn\u0105 rol\u0119 podtrzymywania tradycji i obyczaj\u00f3w mazurskich na tych terenach. Zauwa\u017cy\u0142, jak trudne jest kontynuowanie kultury mazurskiej, kt\u00f3ra na przestrzeni lat zanik\u0142a, w odr\u00f3\u017cnieniu od kultury warmi\u0144skiej lub kurpiowskiej. Wspomnia\u0142 r\u00f3wnie\u017c o poetach mazurskich, o istotnej roli, jak\u0105 ich poezja pe\u0142ni w kultywowaniu mazursko\u015bci naszych ziem. Zbigniew W\u0142odkowski uczestniczy\u0142 tak\u017ce w dalszej cz\u0119\u015bci spotkania, tym bardziej, \u017ce wiele os\u00f3b chcia\u0142o z nim, chocia\u017c chwil\u0119 porozmawia\u0107.<\/p>\n<p class=\"MsoNormal\">Eksponaty do k\u0105cika mazurskiego u\u017cyczy\u0142a El\u017cbieta Brz\u00f3ska oraz Joanna Porycka ze Stowarzyszenia Kotowskie Centrum Aktywno\u015bci Lokalnej ?Omulew?, kt\u00f3ra tak\u017ce zaj\u0119\u0142a si\u0119 zaprojektowaniem niniejszej dekoracji.<\/p>\n<p class=\"MsoNormal\">Spotkanie ?Hej, Mazury, jak wy cudne!? odb\u0119dzie si\u0119 pod now\u0105 nazw\u0105 ?Biesiada Mazurska? tym razem w Nowym Dworze 1 pa\u017adziernika (w sobot\u0119) w \u015bwietlicy wiejskiej.<\/p>\n<p class=\"MsoNormal\">ngg_shortcode_0_placeholder<\/p>\n<p class=\"MsoNormal\">Zdj\u0119cia: Natalia Jasiukas<\/p>\n","protected":false},"excerpt":{"rendered":"<p>W dniu 21.09.2011 roku w Gminnym O\u015brodku Kultury w Jedwabnie  [&#8230;]<\/p>\n","protected":false},"author":55,"featured_media":1242,"comment_status":"closed","ping_status":"open","sticky":false,"template":"","format":"standard","meta":{"ngg_post_thumbnail":0,"footnotes":""},"categories":[1],"tags":[],"class_list":["post-1173","post","type-post","status-publish","format-standard","has-post-thumbnail","hentry","category-wiadomosci"],"_links":{"self":[{"href":"https:\/\/archiwum.jedwabno.pl\/jdbn_json_endpoint\/wp\/v2\/posts\/1173","targetHints":{"allow":["GET"]}}],"collection":[{"href":"https:\/\/archiwum.jedwabno.pl\/jdbn_json_endpoint\/wp\/v2\/posts"}],"about":[{"href":"https:\/\/archiwum.jedwabno.pl\/jdbn_json_endpoint\/wp\/v2\/types\/post"}],"author":[{"embeddable":true,"href":"https:\/\/archiwum.jedwabno.pl\/jdbn_json_endpoint\/wp\/v2\/users\/55"}],"replies":[{"embeddable":true,"href":"https:\/\/archiwum.jedwabno.pl\/jdbn_json_endpoint\/wp\/v2\/comments?post=1173"}],"version-history":[{"count":0,"href":"https:\/\/archiwum.jedwabno.pl\/jdbn_json_endpoint\/wp\/v2\/posts\/1173\/revisions"}],"wp:featuredmedia":[{"embeddable":true,"href":"https:\/\/archiwum.jedwabno.pl\/jdbn_json_endpoint\/wp\/v2\/media\/1242"}],"wp:attachment":[{"href":"https:\/\/archiwum.jedwabno.pl\/jdbn_json_endpoint\/wp\/v2\/media?parent=1173"}],"wp:term":[{"taxonomy":"category","embeddable":true,"href":"https:\/\/archiwum.jedwabno.pl\/jdbn_json_endpoint\/wp\/v2\/categories?post=1173"},{"taxonomy":"post_tag","embeddable":true,"href":"https:\/\/archiwum.jedwabno.pl\/jdbn_json_endpoint\/wp\/v2\/tags?post=1173"}],"curies":[{"name":"wp","href":"https:\/\/api.w.org\/{rel}","templated":true}]}}